{"id":2424,"date":"2024-12-24T16:57:37","date_gmt":"2024-12-24T15:57:37","guid":{"rendered":"https:\/\/periodicolarepublica.com\/?p=2424"},"modified":"2024-12-24T16:58:01","modified_gmt":"2024-12-24T15:58:01","slug":"presidente-del-movimiento-poder-pal-pueblo-tomas-hernandez-alberto-envia-mensaje-navideno-al-pueblo-dominicano","status":"publish","type":"post","link":"https:\/\/periodicolarepublica.com\/index.php\/2024\/12\/24\/presidente-del-movimiento-poder-pal-pueblo-tomas-hernandez-alberto-envia-mensaje-navideno-al-pueblo-dominicano\/","title":{"rendered":"Presidente del Movimiento Poder P&#8217;AL Pueblo, Tom\u00e1s Hern\u00e1ndez Alberto, env\u00eda mensaje navide\u00f1o al pueblo dominicano"},"content":{"rendered":"\r\n<p><img loading=\"lazy\" decoding=\"async\" class=\"size-medium wp-image-2188 alignright\" src=\"https:\/\/periodicolarepublica.com\/wp-content\/uploads\/2024\/11\/20241124_095333-300x193.jpg\" alt=\"\" width=\"300\" height=\"193\" \/>El ingeniero Tom\u00e1s Hern\u00e1ndez Alberto, presidente del Movimiento Poder P&#8217;AL Pueblo, env\u00eda un c\u00e1lido mensaje al pueblo dominicano con motivo de las festividades navide\u00f1as. En un a\u00f1o lleno de desaf\u00edos, Hern\u00e1ndez Alberto hace un llamado a todos los dominicanos a celebrar la Navidad y la Nochebuena en familia, reforzando los lazos de unidad y amor que nos caracterizan como naci\u00f3n.<br \/><br \/>\u00abEn estas fechas, es fundamental detenernos un momento y valorar lo que realmente importa: nuestros seres queridos. Les deseo a todos una Navidad llena de paz, alegr\u00eda y momentos inolvidables en compa\u00f1\u00eda de sus familias\u00bb, expres\u00f3 Hern\u00e1ndez Alberto.<br \/><br \/>Adem\u00e1s, el presidente del movimiento desea un pr\u00f3spero A\u00f1o Nuevo para todos los dominicanos, alentando a cada uno a mirar hacia el futuro con optimismo y esperanza. \u00abJuntos, podemos construir un 2025 lleno de oportunidades y progreso para todos\u00bb, a\u00f1adi\u00f3.<br \/><br \/>El Movimiento Poder P&#8217;AL Pueblo reafirma su compromiso con el bienestar de la sociedad dominicana y contin\u00faa trabajando para mejorar la calidad de vida de todos.<\/p>\r\n","protected":false},"excerpt":{"rendered":"<p>El ingeniero Tom\u00e1s Hern\u00e1ndez Alberto, presidente del Movimiento Poder P&#8217;AL Pueblo, env\u00eda un c\u00e1lido mensaje al pueblo dominicano con motivo de las festividades navide\u00f1as. En un a\u00f1o lleno de desaf\u00edos, Hern\u00e1ndez Alberto hace un llamado a todos los dominicanos a celebrar la Navidad y la Nochebuena en familia, reforzando los lazos de unidad y amor [&hellip;]<\/p>\n","protected":false},"author":10,"featured_media":0,"comment_status":"open","ping_status":"open","sticky":false,"template":"","format":"standard","meta":{"om_disable_all_campaigns":false,"_monsterinsights_skip_tracking":false,"_monsterinsights_sitenote_active":false,"_monsterinsights_sitenote_note":"","_monsterinsights_sitenote_category":0,"footnotes":""},"categories":[1],"tags":[163],"class_list":{"0":"post-2424","1":"post","2":"type-post","3":"status-publish","4":"format-standard","6":"category-nacionales","7":"tag-tomas-hernandez-alberto"},"aioseo_notices":[],"_links":{"self":[{"href":"https:\/\/periodicolarepublica.com\/index.php\/wp-json\/wp\/v2\/posts\/2424","targetHints":{"allow":["GET"]}}],"collection":[{"href":"https:\/\/periodicolarepublica.com\/index.php\/wp-json\/wp\/v2\/posts"}],"about":[{"href":"https:\/\/periodicolarepublica.com\/index.php\/wp-json\/wp\/v2\/types\/post"}],"author":[{"embeddable":true,"href":"https:\/\/periodicolarepublica.com\/index.php\/wp-json\/wp\/v2\/users\/10"}],"replies":[{"embeddable":true,"href":"https:\/\/periodicolarepublica.com\/index.php\/wp-json\/wp\/v2\/comments?post=2424"}],"version-history":[{"count":2,"href":"https:\/\/periodicolarepublica.com\/index.php\/wp-json\/wp\/v2\/posts\/2424\/revisions"}],"predecessor-version":[{"id":2428,"href":"https:\/\/periodicolarepublica.com\/index.php\/wp-json\/wp\/v2\/posts\/2424\/revisions\/2428"}],"wp:attachment":[{"href":"https:\/\/periodicolarepublica.com\/index.php\/wp-json\/wp\/v2\/media?parent=2424"}],"wp:term":[{"taxonomy":"category","embeddable":true,"href":"https:\/\/periodicolarepublica.com\/index.php\/wp-json\/wp\/v2\/categories?post=2424"},{"taxonomy":"post_tag","embeddable":true,"href":"https:\/\/periodicolarepublica.com\/index.php\/wp-json\/wp\/v2\/tags?post=2424"}],"curies":[{"name":"wp","href":"https:\/\/api.w.org\/{rel}","templated":true}]}}