{"id":2427,"date":"2024-12-27T19:06:34","date_gmt":"2024-12-27T18:06:34","guid":{"rendered":"https:\/\/periodicolarepublica.com\/?p=2427"},"modified":"2024-12-27T19:06:34","modified_gmt":"2024-12-27T18:06:34","slug":"el-ingeniero-tomas-hernandez-alberto-recibe-doble-reconocimiento-en-nueva-york","status":"publish","type":"post","link":"https:\/\/periodicolarepublica.com\/index.php\/2024\/12\/27\/el-ingeniero-tomas-hernandez-alberto-recibe-doble-reconocimiento-en-nueva-york\/","title":{"rendered":"El Ingeniero Tom\u00e1s Hern\u00e1ndez Alberto Recibe Doble Reconocimiento en Nueva York"},"content":{"rendered":"\r\n<p><img loading=\"lazy\" decoding=\"async\" class=\"size-medium wp-image-2431 alignright\" src=\"https:\/\/periodicolarepublica.com\/wp-content\/uploads\/2024\/12\/IMG-20241227-WA0072-225x300.jpg\" alt=\"\" width=\"225\" height=\"300\" \/>Nueva York, \u2013 El ingeniero Tom\u00e1s Hern\u00e1ndez Alberto fue honrado ayer con dos importantes reconocimientos en una emotiva ceremonia celebrada en Nueva York. El primero fue otorgado por el Frente Agropecuario del Partido Revolucionario Moderno (PRM), y el segundo fue del Movimiento Poder P&#8217;AL Pueblo, agradeciendo su dedicaci\u00f3n y contribuciones a la comunidad.<br \/><br \/>Los reconocimientos fueron entregados por Ram\u00f3n G\u00f3mez y Albert Hern\u00e1ndez, dirigentes destacados del Movimiento Poder P&#8217;AL Pueblo, en presencia de altos l\u00edderes del PRM, incluyendo al presidente del partido, Yulin Mateo, y a Neftal\u00ed Fuerte. La actividad reuni\u00f3 a miembros y simpatizantes del Partido Revolucionario Moderno y del movimiento Poder P&#8217;AL Pueblo, quienes aplaudieron la labor del ingeniero Hern\u00e1ndez.<br \/><br \/>El ingeniero Hern\u00e1ndez estuvo acompa\u00f1ado por su esposa, Divina, as\u00ed como por su hija y nietas, quienes compartieron este significativo momento familiar.<br \/><br \/>\u00abEs un honor recibir estos reconocimientos y seguir trabajando por el bienestar de nuestra comunidad\u00bb, expres\u00f3 Hern\u00e1ndez, reafirmando su compromiso con el desarrollo agropecuario y social.<\/p>\r\n","protected":false},"excerpt":{"rendered":"<p>Nueva York, \u2013 El ingeniero Tom\u00e1s Hern\u00e1ndez Alberto fue honrado ayer con dos importantes reconocimientos en una emotiva ceremonia celebrada en Nueva York. El primero fue otorgado por el Frente Agropecuario del Partido Revolucionario Moderno (PRM), y el segundo fue del Movimiento Poder P&#8217;AL Pueblo, agradeciendo su dedicaci\u00f3n y contribuciones a la comunidad. Los reconocimientos [&hellip;]<\/p>\n","protected":false},"author":10,"featured_media":0,"comment_status":"open","ping_status":"open","sticky":false,"template":"","format":"standard","meta":{"om_disable_all_campaigns":false,"_monsterinsights_skip_tracking":false,"_monsterinsights_sitenote_active":false,"_monsterinsights_sitenote_note":"","_monsterinsights_sitenote_category":0,"footnotes":""},"categories":[1],"tags":[163],"class_list":{"0":"post-2427","1":"post","2":"type-post","3":"status-publish","4":"format-standard","6":"category-nacionales","7":"tag-tomas-hernandez-alberto"},"aioseo_notices":[],"_links":{"self":[{"href":"https:\/\/periodicolarepublica.com\/index.php\/wp-json\/wp\/v2\/posts\/2427","targetHints":{"allow":["GET"]}}],"collection":[{"href":"https:\/\/periodicolarepublica.com\/index.php\/wp-json\/wp\/v2\/posts"}],"about":[{"href":"https:\/\/periodicolarepublica.com\/index.php\/wp-json\/wp\/v2\/types\/post"}],"author":[{"embeddable":true,"href":"https:\/\/periodicolarepublica.com\/index.php\/wp-json\/wp\/v2\/users\/10"}],"replies":[{"embeddable":true,"href":"https:\/\/periodicolarepublica.com\/index.php\/wp-json\/wp\/v2\/comments?post=2427"}],"version-history":[{"count":2,"href":"https:\/\/periodicolarepublica.com\/index.php\/wp-json\/wp\/v2\/posts\/2427\/revisions"}],"predecessor-version":[{"id":2432,"href":"https:\/\/periodicolarepublica.com\/index.php\/wp-json\/wp\/v2\/posts\/2427\/revisions\/2432"}],"wp:attachment":[{"href":"https:\/\/periodicolarepublica.com\/index.php\/wp-json\/wp\/v2\/media?parent=2427"}],"wp:term":[{"taxonomy":"category","embeddable":true,"href":"https:\/\/periodicolarepublica.com\/index.php\/wp-json\/wp\/v2\/categories?post=2427"},{"taxonomy":"post_tag","embeddable":true,"href":"https:\/\/periodicolarepublica.com\/index.php\/wp-json\/wp\/v2\/tags?post=2427"}],"curies":[{"name":"wp","href":"https:\/\/api.w.org\/{rel}","templated":true}]}}