{"id":2430,"date":"2024-12-28T18:15:29","date_gmt":"2024-12-28T17:15:29","guid":{"rendered":"https:\/\/periodicolarepublica.com\/?p=2430"},"modified":"2024-12-28T18:15:29","modified_gmt":"2024-12-28T17:15:29","slug":"mas-100-mil-romanesen-han-disfrutado-de-la-magia-de-la-navidad-en-el-parque-de-luces","status":"publish","type":"post","link":"https:\/\/periodicolarepublica.com\/index.php\/2024\/12\/28\/mas-100-mil-romanesen-han-disfrutado-de-la-magia-de-la-navidad-en-el-parque-de-luces\/","title":{"rendered":"M\u00e1s 100 mil romanesen han disfrutado de la magia de la navidad, en el Parque de Luces"},"content":{"rendered":"\r\n<p><img loading=\"lazy\" decoding=\"async\" class=\"size-medium wp-image-2435 alignright\" src=\"https:\/\/periodicolarepublica.com\/wp-content\/uploads\/2024\/12\/IMG-20241228-WA0017-300x200.jpg\" alt=\"\" width=\"300\" height=\"200\" \/>La Romana, RD. Por primera en la historia m\u00e1s de 100 mil romanesen han disfrutan diferentes atractivos art\u00edsticos y culturales en esta \u00e9poca de navidad, con el Parque de Luce, que fue decorado por la alcald\u00eda del municipio y Los Proyectos Estrat\u00e9gicos y Especiales de la Presidencia, por instrucciones del presidente Luis Abinader.<br \/><br \/>El alcalde del municipio cabecera de la provincia La Romana, Eduardo Kerry a Metivier, asegur\u00f3 que la magia de la navidad se siente en cada hogar y las familias que se dan cita, para disfrutar tanto de los shows art\u00edsticos como los juegos de luces que iluminan el parque y lleva alegr\u00eda a las visitantes y en especial a los ni\u00f1os.<br \/><br \/>El alcalde Eduardo Kerry, asegur\u00f3 que desde su llegada a la alcald\u00eda en pasado 24 de Abril, su principal objetivo era hacer una gesti\u00f3n cercana a la gente y que los romanesen se sientan orgullosos de su pueblo y eso lo que estamos haciendo en esta navidad.<br \/><br \/>\u201cAqu\u00ed desde la 6 de la tarde aqu\u00ed vienen, ni\u00f1os , adulto, adultos mayores y turistas a disfrutar de las navidades el parque juntos a sus familiares\u201d precis\u00f3 el alcalde.<br \/><br \/><br \/>Eduardo Kerry Metivier, asegur\u00f3 que aparte de agradecerle el comportamiento adecuado y ordenado de la poblaci\u00f3n, tambi\u00e9n es muy importante resaltar el apoyo de los miembros de la Polic\u00eda Nacional y cada unos de los colaboradores del ayuntamiento, que est\u00e1n trabajando arduamente para que cada d\u00eda los visitantes puedan disfrutar de la magia de la navidad.<br \/><br \/><br \/>Finalmente el alcalde llam\u00f3 a los romanesen ausentes a visitar tu pueblo en estas navidades y disfrutar la magia de la navidad en familia y en el amor de Dios.<\/p>\r\n","protected":false},"excerpt":{"rendered":"<p>La Romana, RD. Por primera en la historia m\u00e1s de 100 mil romanesen han disfrutan diferentes atractivos art\u00edsticos y culturales en esta \u00e9poca de navidad, con el Parque de Luce, que fue decorado por la alcald\u00eda del municipio y Los Proyectos Estrat\u00e9gicos y Especiales de la Presidencia, por instrucciones del presidente Luis Abinader. El alcalde [&hellip;]<\/p>\n","protected":false},"author":10,"featured_media":0,"comment_status":"open","ping_status":"open","sticky":false,"template":"","format":"standard","meta":{"om_disable_all_campaigns":false,"_monsterinsights_skip_tracking":false,"_monsterinsights_sitenote_active":false,"_monsterinsights_sitenote_note":"","_monsterinsights_sitenote_category":0,"footnotes":""},"categories":[1],"tags":[],"class_list":{"0":"post-2430","1":"post","2":"type-post","3":"status-publish","4":"format-standard","6":"category-nacionales"},"aioseo_notices":[],"_links":{"self":[{"href":"https:\/\/periodicolarepublica.com\/index.php\/wp-json\/wp\/v2\/posts\/2430","targetHints":{"allow":["GET"]}}],"collection":[{"href":"https:\/\/periodicolarepublica.com\/index.php\/wp-json\/wp\/v2\/posts"}],"about":[{"href":"https:\/\/periodicolarepublica.com\/index.php\/wp-json\/wp\/v2\/types\/post"}],"author":[{"embeddable":true,"href":"https:\/\/periodicolarepublica.com\/index.php\/wp-json\/wp\/v2\/users\/10"}],"replies":[{"embeddable":true,"href":"https:\/\/periodicolarepublica.com\/index.php\/wp-json\/wp\/v2\/comments?post=2430"}],"version-history":[{"count":2,"href":"https:\/\/periodicolarepublica.com\/index.php\/wp-json\/wp\/v2\/posts\/2430\/revisions"}],"predecessor-version":[{"id":2436,"href":"https:\/\/periodicolarepublica.com\/index.php\/wp-json\/wp\/v2\/posts\/2430\/revisions\/2436"}],"wp:attachment":[{"href":"https:\/\/periodicolarepublica.com\/index.php\/wp-json\/wp\/v2\/media?parent=2430"}],"wp:term":[{"taxonomy":"category","embeddable":true,"href":"https:\/\/periodicolarepublica.com\/index.php\/wp-json\/wp\/v2\/categories?post=2430"},{"taxonomy":"post_tag","embeddable":true,"href":"https:\/\/periodicolarepublica.com\/index.php\/wp-json\/wp\/v2\/tags?post=2430"}],"curies":[{"name":"wp","href":"https:\/\/api.w.org\/{rel}","templated":true}]}}