{"id":2443,"date":"2024-12-29T23:19:43","date_gmt":"2024-12-29T22:19:43","guid":{"rendered":"https:\/\/periodicolarepublica.com\/?p=2443"},"modified":"2024-12-29T23:19:43","modified_gmt":"2024-12-29T22:19:43","slug":"mas-de-3400-familias-en-puerto-plata-recibiran-bono-de-apoyo-familiar-por-inundaciones","status":"publish","type":"post","link":"https:\/\/periodicolarepublica.com\/index.php\/2024\/12\/29\/mas-de-3400-familias-en-puerto-plata-recibiran-bono-de-apoyo-familiar-por-inundaciones\/","title":{"rendered":"M\u00e1s de 3,400 familias en Puerto Plata recibir\u00e1n Bono de Apoyo Familiar por inundaciones"},"content":{"rendered":"<p>Raquel Pe\u00f1a anunci\u00f3 la entrega \u00fanica de RD$5,000 por hogar a trav\u00e9s del Programa Sup\u00e9rate, como parte de la estrategia de protecci\u00f3n social del Gobierno._<\/p>\n<p>Raquel Pe\u00f1a tambi\u00e9n realiz\u00f3 un recorrido por las zonas afectadas para comprobar el avance de los trabajos de mitigaci\u00f3n_<\/p>\n<p>F<img loading=\"lazy\" decoding=\"async\" class=\"alignnone size-medium wp-image-1661\" src=\"https:\/\/periodicolarepublica.com\/wp-content\/uploads\/2024\/09\/IMG_20240910_061621-251x300.jpg\" alt=\"\" width=\"251\" height=\"300\" srcset=\"https:\/\/periodicolarepublica.com\/wp-content\/uploads\/2024\/09\/IMG_20240910_061621-251x300.jpg?v=1725967694 251w, https:\/\/periodicolarepublica.com\/wp-content\/uploads\/2024\/09\/IMG_20240910_061621-855x1024.jpg?v=1725967694 855w, https:\/\/periodicolarepublica.com\/wp-content\/uploads\/2024\/09\/IMG_20240910_061621-768x919.jpg?v=1725967694 768w, https:\/\/periodicolarepublica.com\/wp-content\/uploads\/2024\/09\/IMG_20240910_061621-150x180.jpg?v=1725967694 150w, https:\/\/periodicolarepublica.com\/wp-content\/uploads\/2024\/09\/IMG_20240910_061621-300x359.jpg?v=1725967694 300w, https:\/\/periodicolarepublica.com\/wp-content\/uploads\/2024\/09\/IMG_20240910_061621-600x718.jpg?v=1725967694 600w, https:\/\/periodicolarepublica.com\/wp-content\/uploads\/2024\/09\/IMG_20240910_061621-696x833.jpg?v=1725967694 696w, https:\/\/periodicolarepublica.com\/wp-content\/uploads\/2024\/09\/IMG_20240910_061621.jpg?v=1725967694 1035w\" sizes=\"auto, (max-width: 251px) 100vw, 251px\" \/><\/p>\n<p>*Puerto Plata, RD.* &#8211; El gobierno dominicano dispuso la entrega de 17 millones 345 mil pesos para las familias de Montellano y Cabarete, provincia Puerto Plata, que fueron afectadas por las inundaciones provocadas por las lluvias que iniciaron el pasado 21 de diciembre y que se prolongaron durante tres d\u00edas consecutivos, dejando p\u00e9rdidas materiales y el desplazamiento de familias.<\/p>\n<p>&nbsp;<\/p>\n<p>La vicepresidenta de la Rep\u00fablica Dominicana, Raquel Pe\u00f1a, realiz\u00f3 el anuncio tras encabezar, este domingo, la reuni\u00f3n de evaluaci\u00f3n y seguimiento de los da\u00f1os en la referida provincia.<\/p>\n<p>&nbsp;<\/p>\n<p>En el encuentro, Pe\u00f1a explic\u00f3 que este apoyo econ\u00f3mico del gobierno, denominado Bono de Apoyo Familiar, tendr\u00e1 un monto de 5 mil pesos y ser\u00e1 entregado en una \u00fanica partida a 3,469 hogares beneficiarios de Sup\u00e9rate para la compra de alimentos a trav\u00e9s de la tarjeta que ya usan de forma regular.<\/p>\n<p>&nbsp;<\/p>\n<p>\u201cEsto fue una iniciativa del presidente Luis Abinader. Es un bono de emergencia espec\u00edficamente para los que habitan en Montellano y el distrito municipal de Cabarete. A partir de ma\u00f1ana podr\u00e1n estar recibiendo este bono especial\u201d, precis\u00f3 la vicemandataria.<\/p>\n<p>&nbsp;<\/p>\n<p>Asimismo, Raquel Pe\u00f1a aprovech\u00f3 para repasar algunos de los avances logrados hasta la fecha como el reinicio de los servicios de centros m\u00e9dicos que fueron afectados por las lluvias, la reparaci\u00f3n de m\u00e1s de una docena de viviendas, el restablecimiento de los servicios electr\u00f3nicos en varias comunidades, entre otros.<\/p>\n<p>&nbsp;<\/p>\n<p>De igual modo, anunci\u00f3 el establecimiento de una oficina regional y un campamento permanente del Ministerio de Obras P\u00fablicas y Comunicaciones (MOPC) desde el pr\u00f3ximo 7 de enero.<\/p>\n<p>&nbsp;<\/p>\n<p>*M\u00e1s sobre el bono*<\/p>\n<p>&nbsp;<\/p>\n<p>El Bono de Apoyo Familiar se enmarca en la estrategia del Sistema de Protecci\u00f3n Social del Gobierno para brindar respuestas efectivas y adaptativas que aumenten la resiliencia de individuos y hogares, especialmente aquellos en condiciones de exclusi\u00f3n, pobreza y vulnerabilidad social.<\/p>\n<p>&nbsp;<\/p>\n<p>El Gobierno de la Rep\u00fablica Dominicana reafirma su compromiso de respaldar a los ciudadanos en momentos dif\u00edciles, garantizando as\u00ed la estabilidad y el bienestar de la comunidad.<\/p>\n<p>&nbsp;<\/p>\n<p>Para identificar a los hogares beneficiarios de este apoyo econ\u00f3mico y cumplir con los criterios de elegibilidad fueron usados los datos suministrados por la Defensa Civil, quien realiz\u00f3 la identificaci\u00f3n del \u00e1rea de afectaci\u00f3n y sus grados, as\u00ed como la lista enviada y revisada por el Sistema \u00danico de Beneficiarios (SIUBEN).<\/p>\n<p>&nbsp;<\/p>\n<p>Ante foros internacionales, la directora general de Sup\u00e9rate, Gloria Reyes, ha destacado que gracias a la implementaci\u00f3n del sistema de Protecci\u00f3n Social Adaptativa, el gobierno dominicano ha podido responder r\u00e1pida y eficientemente a la poblaci\u00f3n ante crisis provocadas por fen\u00f3menos clim\u00e1ticos y sociales.<\/p>\n<p>&nbsp;<\/p>\n<p>*Avance de los trabajos*<\/p>\n<p>&nbsp;<\/p>\n<p>Tras finalizar la mesa de trabajo con la representaci\u00f3n de las principales instituciones del Gobierno, la vicepresidenta Raquel Pe\u00f1a emprendi\u00f3 un recorrido por las zonas que recibieron mayor da\u00f1o.<\/p>\n<p>&nbsp;<\/p>\n<p>\u201cNosotros estamos aqu\u00ed dando seguimiento a la visita de nuestro presidente Luis Abinader\u201d, dijo Pe\u00f1a, al tiempo que enfatiz\u00f3 que \u201cel gobierno central complet\u00f3 esta con Puerto Plata en estos momentos dif\u00edciles\u201d.<\/p>\n<p>&nbsp;<\/p>\n<p>La vicemandataria visit\u00f3 el Hospital General Gregorio Luper\u00f3n, en Montellano, el cual qued\u00f3 completamente inundado pero ya se encuentra en funcionamiento.<\/p>\n<p>&nbsp;<\/p>\n<p>Posteriormente, constat\u00f3 la situaci\u00f3n de algunas familias en Villa Melecia y Cabarete, y evalu\u00f3 las condiciones de Veragua.<\/p>\n<p>&nbsp;<\/p>\n<p>La vicepresidenta estuvo acompa\u00f1ada por Claritza Rochtte, gobernadora civil de Puerto Plata; Deligne Ascencion, ministro de Obras Publicas y Comunicaciones; Ginette Bournigal, senadora por Puerto Plata; Igor Rodr\u00edguez, director del Instituto Dominicano de Aviaci\u00f3n Civil; Ney Garc\u00eda, viceministro de H\u00e1bitat del Ministerio de Vivienda y Edificaciones; Diomedes Garc\u00eda (Roquelito), alcalde municipal por Puerto Plata; y Bernardo Hilario, director del Servicio Regional de Salud Norcentral.<\/p>\n<p>&nbsp;<\/p>\n<p>De igual modo estuvieron presentes otros alcaldes y alcaldesas, diputados, regidores y otras autoridades municipales, nacionales, militares y policiales.<\/p>\n","protected":false},"excerpt":{"rendered":"<p>Raquel Pe\u00f1a anunci\u00f3 la entrega \u00fanica de RD$5,000 por hogar a trav\u00e9s del Programa Sup\u00e9rate, como parte de la estrategia de protecci\u00f3n social del Gobierno._ Raquel Pe\u00f1a tambi\u00e9n realiz\u00f3 un recorrido por las zonas afectadas para comprobar el avance de los trabajos de mitigaci\u00f3n_ F *Puerto Plata, RD.* &#8211; El gobierno dominicano dispuso la entrega [&hellip;]<\/p>\n","protected":false},"author":6,"featured_media":1661,"comment_status":"open","ping_status":"open","sticky":false,"template":"","format":"standard","meta":{"om_disable_all_campaigns":false,"_monsterinsights_skip_tracking":false,"_monsterinsights_sitenote_active":false,"_monsterinsights_sitenote_note":"","_monsterinsights_sitenote_category":0,"footnotes":""},"categories":[1],"tags":[],"class_list":{"0":"post-2443","1":"post","2":"type-post","3":"status-publish","4":"format-standard","5":"has-post-thumbnail","7":"category-nacionales"},"aioseo_notices":[],"_links":{"self":[{"href":"https:\/\/periodicolarepublica.com\/index.php\/wp-json\/wp\/v2\/posts\/2443","targetHints":{"allow":["GET"]}}],"collection":[{"href":"https:\/\/periodicolarepublica.com\/index.php\/wp-json\/wp\/v2\/posts"}],"about":[{"href":"https:\/\/periodicolarepublica.com\/index.php\/wp-json\/wp\/v2\/types\/post"}],"author":[{"embeddable":true,"href":"https:\/\/periodicolarepublica.com\/index.php\/wp-json\/wp\/v2\/users\/6"}],"replies":[{"embeddable":true,"href":"https:\/\/periodicolarepublica.com\/index.php\/wp-json\/wp\/v2\/comments?post=2443"}],"version-history":[{"count":1,"href":"https:\/\/periodicolarepublica.com\/index.php\/wp-json\/wp\/v2\/posts\/2443\/revisions"}],"predecessor-version":[{"id":2444,"href":"https:\/\/periodicolarepublica.com\/index.php\/wp-json\/wp\/v2\/posts\/2443\/revisions\/2444"}],"wp:featuredmedia":[{"embeddable":true,"href":"https:\/\/periodicolarepublica.com\/index.php\/wp-json\/wp\/v2\/media\/1661"}],"wp:attachment":[{"href":"https:\/\/periodicolarepublica.com\/index.php\/wp-json\/wp\/v2\/media?parent=2443"}],"wp:term":[{"taxonomy":"category","embeddable":true,"href":"https:\/\/periodicolarepublica.com\/index.php\/wp-json\/wp\/v2\/categories?post=2443"},{"taxonomy":"post_tag","embeddable":true,"href":"https:\/\/periodicolarepublica.com\/index.php\/wp-json\/wp\/v2\/tags?post=2443"}],"curies":[{"name":"wp","href":"https:\/\/api.w.org\/{rel}","templated":true}]}}