{"id":2446,"date":"2024-12-31T17:33:10","date_gmt":"2024-12-31T16:33:10","guid":{"rendered":"https:\/\/periodicolarepublica.com\/?p=2446"},"modified":"2024-12-31T17:33:10","modified_gmt":"2024-12-31T16:33:10","slug":"el-ministro-dr-victor-atallah-desea-un-prospero-ano-nuevo-al-pueblo-dominicano","status":"publish","type":"post","link":"https:\/\/periodicolarepublica.com\/index.php\/2024\/12\/31\/el-ministro-dr-victor-atallah-desea-un-prospero-ano-nuevo-al-pueblo-dominicano\/","title":{"rendered":"El Ministro Dr. V\u00edctor Atallah desea un pr\u00f3spero A\u00f1o Nuevo al pueblo dominicano"},"content":{"rendered":"\r\n<p><img loading=\"lazy\" decoding=\"async\" class=\"size-medium wp-image-2354 alignright\" src=\"https:\/\/periodicolarepublica.com\/wp-content\/uploads\/2024\/12\/SaveClip.App_426532060_18379794979076602_5392325353230988957_n-300x200.jpg\" alt=\"\" width=\"300\" height=\"200\" srcset=\"https:\/\/periodicolarepublica.com\/wp-content\/uploads\/2024\/12\/SaveClip.App_426532060_18379794979076602_5392325353230988957_n-300x200.jpg?v=1734218084 300w, https:\/\/periodicolarepublica.com\/wp-content\/uploads\/2024\/12\/SaveClip.App_426532060_18379794979076602_5392325353230988957_n-1024x683.jpg?v=1734218084 1024w, https:\/\/periodicolarepublica.com\/wp-content\/uploads\/2024\/12\/SaveClip.App_426532060_18379794979076602_5392325353230988957_n-768x512.jpg?v=1734218084 768w, https:\/\/periodicolarepublica.com\/wp-content\/uploads\/2024\/12\/SaveClip.App_426532060_18379794979076602_5392325353230988957_n-150x100.jpg?v=1734218084 150w, https:\/\/periodicolarepublica.com\/wp-content\/uploads\/2024\/12\/SaveClip.App_426532060_18379794979076602_5392325353230988957_n-600x400.jpg?v=1734218084 600w, https:\/\/periodicolarepublica.com\/wp-content\/uploads\/2024\/12\/SaveClip.App_426532060_18379794979076602_5392325353230988957_n-696x464.jpg?v=1734218084 696w, https:\/\/periodicolarepublica.com\/wp-content\/uploads\/2024\/12\/SaveClip.App_426532060_18379794979076602_5392325353230988957_n.jpg?v=1734218084 1065w\" sizes=\"auto, (max-width: 300px) 100vw, 300px\" \/>El Ministro Dr. V\u00edctor Atallah desea un pr\u00f3spero A\u00f1o Nuevo al pueblo dominicano<br \/><br \/>Santo Domingo, Rep\u00fablica Dominicana \u2013 En un mensaje dirigido a toda la naci\u00f3n, el Ministro de salud p\u00fablica Dr. V\u00edctor Atallah ha expresado sus m\u00e1s sinceros deseos de un pr\u00f3spero A\u00f1o Nuevo para todos los dominicanos.<br \/><br \/>El Dr. Atallah destac\u00f3 la importancia de comenzar el nuevo a\u00f1o con esperanza y unidad, invitando a los ciudadanos a reflexionar sobre los logros del a\u00f1o que termina y a enfrentar los desaf\u00edos venideros con valent\u00eda y determinaci\u00f3n. \u201cCada nuevo a\u00f1o es una oportunidad para renovarnos y trabajar juntos por el bienestar de nuestra naci\u00f3n\u201d, afirm\u00f3 el Ministro.<br \/><br \/>Adem\u00e1s, el Dr. Atallah hizo un llamado a la solidaridad y la colaboraci\u00f3n entre todos los sectores de la sociedad, enfatizando que el progreso del pa\u00eds depende del esfuerzo colectivo. \u201cSigamos construyendo un futuro mejor para todos los dominicanos\u201d, concluy\u00f3.<br \/><br \/>El Ministro y su equipo desean a todos los dominicanos un a\u00f1o lleno de salud, felicidad y \u00e9xito.<\/p>\r\n","protected":false},"excerpt":{"rendered":"<p>El Ministro Dr. V\u00edctor Atallah desea un pr\u00f3spero A\u00f1o Nuevo al pueblo dominicano Santo Domingo, Rep\u00fablica Dominicana \u2013 En un mensaje dirigido a toda la naci\u00f3n, el Ministro de salud p\u00fablica Dr. V\u00edctor Atallah ha expresado sus m\u00e1s sinceros deseos de un pr\u00f3spero A\u00f1o Nuevo para todos los dominicanos. El Dr. Atallah destac\u00f3 la importancia [&hellip;]<\/p>\n","protected":false},"author":10,"featured_media":2354,"comment_status":"open","ping_status":"open","sticky":false,"template":"","format":"standard","meta":{"om_disable_all_campaigns":false,"_monsterinsights_skip_tracking":false,"_monsterinsights_sitenote_active":false,"_monsterinsights_sitenote_note":"","_monsterinsights_sitenote_category":0,"footnotes":""},"categories":[1],"tags":[159],"class_list":{"0":"post-2446","1":"post","2":"type-post","3":"status-publish","4":"format-standard","5":"has-post-thumbnail","7":"category-nacionales","8":"tag-ministro-de-salud-publica-victor-atallah"},"aioseo_notices":[],"_links":{"self":[{"href":"https:\/\/periodicolarepublica.com\/index.php\/wp-json\/wp\/v2\/posts\/2446","targetHints":{"allow":["GET"]}}],"collection":[{"href":"https:\/\/periodicolarepublica.com\/index.php\/wp-json\/wp\/v2\/posts"}],"about":[{"href":"https:\/\/periodicolarepublica.com\/index.php\/wp-json\/wp\/v2\/types\/post"}],"author":[{"embeddable":true,"href":"https:\/\/periodicolarepublica.com\/index.php\/wp-json\/wp\/v2\/users\/10"}],"replies":[{"embeddable":true,"href":"https:\/\/periodicolarepublica.com\/index.php\/wp-json\/wp\/v2\/comments?post=2446"}],"version-history":[{"count":2,"href":"https:\/\/periodicolarepublica.com\/index.php\/wp-json\/wp\/v2\/posts\/2446\/revisions"}],"predecessor-version":[{"id":2450,"href":"https:\/\/periodicolarepublica.com\/index.php\/wp-json\/wp\/v2\/posts\/2446\/revisions\/2450"}],"wp:featuredmedia":[{"embeddable":true,"href":"https:\/\/periodicolarepublica.com\/index.php\/wp-json\/wp\/v2\/media\/2354"}],"wp:attachment":[{"href":"https:\/\/periodicolarepublica.com\/index.php\/wp-json\/wp\/v2\/media?parent=2446"}],"wp:term":[{"taxonomy":"category","embeddable":true,"href":"https:\/\/periodicolarepublica.com\/index.php\/wp-json\/wp\/v2\/categories?post=2446"},{"taxonomy":"post_tag","embeddable":true,"href":"https:\/\/periodicolarepublica.com\/index.php\/wp-json\/wp\/v2\/tags?post=2446"}],"curies":[{"name":"wp","href":"https:\/\/api.w.org\/{rel}","templated":true}]}}