{"id":2449,"date":"2024-12-31T22:20:18","date_gmt":"2024-12-31T21:20:18","guid":{"rendered":"https:\/\/periodicolarepublica.com\/?p=2449"},"modified":"2024-12-31T22:20:18","modified_gmt":"2024-12-31T21:20:18","slug":"tomas-hernandez-alberto-envia-mensaje-de-ano-nuevo-al-pueblo-dominican","status":"publish","type":"post","link":"https:\/\/periodicolarepublica.com\/index.php\/2024\/12\/31\/tomas-hernandez-alberto-envia-mensaje-de-ano-nuevo-al-pueblo-dominican\/","title":{"rendered":"Tom\u00e1s Hern\u00e1ndez Alberto Env\u00eda Mensaje de A\u00f1o Nuevo al Pueblo Dominican"},"content":{"rendered":"\r\n<p><img loading=\"lazy\" decoding=\"async\" class=\"size-medium wp-image-2275 alignright\" src=\"https:\/\/periodicolarepublica.com\/wp-content\/uploads\/2024\/12\/20241205_074205-300x173.jpg\" alt=\"\" width=\"300\" height=\"173\" srcset=\"https:\/\/periodicolarepublica.com\/wp-content\/uploads\/2024\/12\/20241205_074205-300x173.jpg?v=1733399760 300w, https:\/\/periodicolarepublica.com\/wp-content\/uploads\/2024\/12\/20241205_074205-150x86.jpg?v=1733399760 150w, https:\/\/periodicolarepublica.com\/wp-content\/uploads\/2024\/12\/20241205_074205-600x346.jpg?v=1733399760 600w, https:\/\/periodicolarepublica.com\/wp-content\/uploads\/2024\/12\/20241205_074205-696x401.jpg?v=1733399760 696w, https:\/\/periodicolarepublica.com\/wp-content\/uploads\/2024\/12\/20241205_074205.jpg?v=1733399760 720w\" sizes=\"auto, (max-width: 300px) 100vw, 300px\" \/>Santo Domingo, Rep\u00fablica Dominicana \u2013 El ingeniero Tom\u00e1s Hern\u00e1ndez Alberto desea a todos los dominicanos y dominicanas un pr\u00f3spero A\u00f1o Nuevo. En un mensaje lleno de esperanza y optimismo, Hern\u00e1ndez Alberto expresa su confianza en que lo mejor est\u00e1 por venir para nuestra gran naci\u00f3n, liderada por el presidente Luis Abinader.<br \/><br \/>\u201cEn este nuevo a\u00f1o, renovemos nuestras esperanzas y el compromiso con el desarrollo de nuestra amada Rep\u00fablica Dominicana. Juntos, enfrentaremos los desaf\u00edos y celebraremos los logros que nos esperan\u201d, afirm\u00f3 el ingeniero.<br \/><br \/>Hern\u00e1ndez Alberto invita a todos a unirse en la construcci\u00f3n de un futuro m\u00e1s brillante, donde la unidad y la colaboraci\u00f3n sean las claves para el progreso. \u201cFeliz A\u00f1o Nuevo a todos los dominicanos y dominicanas. Que este 2025 est\u00e9 lleno de salud, amor y \u00e9xitos\u201d, concluy\u00f3.<\/p>\r\n","protected":false},"excerpt":{"rendered":"<p>Santo Domingo, Rep\u00fablica Dominicana \u2013 El ingeniero Tom\u00e1s Hern\u00e1ndez Alberto desea a todos los dominicanos y dominicanas un pr\u00f3spero A\u00f1o Nuevo. En un mensaje lleno de esperanza y optimismo, Hern\u00e1ndez Alberto expresa su confianza en que lo mejor est\u00e1 por venir para nuestra gran naci\u00f3n, liderada por el presidente Luis Abinader. \u201cEn este nuevo a\u00f1o, [&hellip;]<\/p>\n","protected":false},"author":10,"featured_media":2275,"comment_status":"open","ping_status":"open","sticky":false,"template":"","format":"standard","meta":{"om_disable_all_campaigns":false,"_monsterinsights_skip_tracking":false,"_monsterinsights_sitenote_active":false,"_monsterinsights_sitenote_note":"","_monsterinsights_sitenote_category":0,"footnotes":""},"categories":[1],"tags":[163],"class_list":{"0":"post-2449","1":"post","2":"type-post","3":"status-publish","4":"format-standard","5":"has-post-thumbnail","7":"category-nacionales","8":"tag-tomas-hernandez-alberto"},"aioseo_notices":[],"_links":{"self":[{"href":"https:\/\/periodicolarepublica.com\/index.php\/wp-json\/wp\/v2\/posts\/2449","targetHints":{"allow":["GET"]}}],"collection":[{"href":"https:\/\/periodicolarepublica.com\/index.php\/wp-json\/wp\/v2\/posts"}],"about":[{"href":"https:\/\/periodicolarepublica.com\/index.php\/wp-json\/wp\/v2\/types\/post"}],"author":[{"embeddable":true,"href":"https:\/\/periodicolarepublica.com\/index.php\/wp-json\/wp\/v2\/users\/10"}],"replies":[{"embeddable":true,"href":"https:\/\/periodicolarepublica.com\/index.php\/wp-json\/wp\/v2\/comments?post=2449"}],"version-history":[{"count":2,"href":"https:\/\/periodicolarepublica.com\/index.php\/wp-json\/wp\/v2\/posts\/2449\/revisions"}],"predecessor-version":[{"id":2453,"href":"https:\/\/periodicolarepublica.com\/index.php\/wp-json\/wp\/v2\/posts\/2449\/revisions\/2453"}],"wp:featuredmedia":[{"embeddable":true,"href":"https:\/\/periodicolarepublica.com\/index.php\/wp-json\/wp\/v2\/media\/2275"}],"wp:attachment":[{"href":"https:\/\/periodicolarepublica.com\/index.php\/wp-json\/wp\/v2\/media?parent=2449"}],"wp:term":[{"taxonomy":"category","embeddable":true,"href":"https:\/\/periodicolarepublica.com\/index.php\/wp-json\/wp\/v2\/categories?post=2449"},{"taxonomy":"post_tag","embeddable":true,"href":"https:\/\/periodicolarepublica.com\/index.php\/wp-json\/wp\/v2\/tags?post=2449"}],"curies":[{"name":"wp","href":"https:\/\/api.w.org\/{rel}","templated":true}]}}