{"id":2458,"date":"2025-01-03T13:22:21","date_gmt":"2025-01-03T12:22:21","guid":{"rendered":"https:\/\/periodicolarepublica.com\/?p=2458"},"modified":"2025-01-03T13:22:21","modified_gmt":"2025-01-03T12:22:21","slug":"comienzo-de-un-ano-de-exitos-para-el-ministerio-de-salud-publica","status":"publish","type":"post","link":"https:\/\/periodicolarepublica.com\/index.php\/2025\/01\/03\/comienzo-de-un-ano-de-exitos-para-el-ministerio-de-salud-publica\/","title":{"rendered":"Comienzo de un A\u00f1o de \u00c9xitos para el Ministerio de Salud P\u00fablica"},"content":{"rendered":"\r\n<p><img loading=\"lazy\" decoding=\"async\" class=\"size-medium wp-image-2054 alignright\" src=\"https:\/\/periodicolarepublica.com\/wp-content\/uploads\/2024\/11\/images-5-300x150.png\" alt=\"\" width=\"300\" height=\"150\" srcset=\"https:\/\/periodicolarepublica.com\/wp-content\/uploads\/2024\/11\/images-5-300x150.png?v=1731099512 300w, https:\/\/periodicolarepublica.com\/wp-content\/uploads\/2024\/11\/images-5-150x75.png?v=1731099512 150w, https:\/\/periodicolarepublica.com\/wp-content\/uploads\/2024\/11\/images-5.png?v=1731099512 318w\" sizes=\"auto, (max-width: 300px) 100vw, 300px\" \/>El a\u00f1o 2024 ha sido un periodo de grandes logros y avances en el \u00e1mbito de la salud p\u00fablica en nuestro pa\u00eds, y esto se debe en gran medida a la labor incansable del Ministro Dr. V\u00edctor Atallah. Desde su llegada al ministerio, hemos sido testigos de un compromiso firme con la mejora del sistema de salud, lo que ha permitido que el pa\u00eds alcance su mejor desempe\u00f1o en esta \u00e1rea.<br \/><br \/>Durante el a\u00f1o pasado, se implementaron diversas pol\u00edticas y programas que han tenido un impacto significativo en la salud de la poblaci\u00f3n. La modernizaci\u00f3n de los centros de salud, la capacitaci\u00f3n del personal m\u00e9dico y la mejora en el acceso a tratamientos han sido algunas de las iniciativas que han transformado la atenci\u00f3n sanitaria en el pa\u00eds. Este progreso no solo se refleja en estad\u00edsticas, sino en el bienestar de nuestros ciudadanos.<br \/><br \/>Mirando hacia el a\u00f1o 2025, las expectativas son a\u00fan m\u00e1s altas. El Ministro Atallah ha establecido un ambicioso objetivo: profundizar los cambios y continuar el camino hacia un sistema de salud m\u00e1s inclusivo y eficiente. Este enfoque no solo se centra en la atenci\u00f3n m\u00e9dica, sino tambi\u00e9n en la prevenci\u00f3n de enfermedades y la promoci\u00f3n de h\u00e1bitos saludables.<br \/><br \/>Uno de los pilares de esta nueva etapa ser\u00e1 la integraci\u00f3n de la tecnolog\u00eda en los servicios de salud. La telemedicina, por ejemplo, se ha convertido en una herramienta invaluable que permite a las personas acceder a atenci\u00f3n m\u00e9dica desde la comodidad de sus hogares. Este a\u00f1o, se espera expandir estas iniciativas, facilitando a\u00fan m\u00e1s el acceso a servicios de calidad.<br \/><br \/>Adem\u00e1s, el ministerio se ha comprometido a trabajar de la mano con la comunidad. La participaci\u00f3n ciudadana es fundamental para identificar las necesidades espec\u00edficas de cada regi\u00f3n y adaptar las pol\u00edticas de salud en consecuencia. Este enfoque colaborativo garantizar\u00e1 que todos los sectores de la poblaci\u00f3n se sientan representados y atendidos.<br \/><br \/>La salud mental tambi\u00e9n ser\u00e1 una prioridad en este nuevo a\u00f1o. La pandemia ha puesto de manifiesto la importancia de cuidar no solo la salud f\u00edsica, sino tambi\u00e9n el bienestar emocional de la poblaci\u00f3n. Se implementar\u00e1n programas de apoyo psicol\u00f3gico y de concienciaci\u00f3n, asegurando que todos tengan acceso a los recursos necesarios para su salud integral.<br \/><br \/>A medida que avanzamos, es vital mantener un enfoque en la sostenibilidad. La salud p\u00fablica no puede separarse de la salud del medio ambiente. El ministerio trabajar\u00e1 en iniciativas que promuevan pr\u00e1cticas sostenibles y respetuosas con el entorno, reconociendo que un ambiente sano es fundamental para la salud de nuestra poblaci\u00f3n.<br \/><br \/>En resumen, el a\u00f1o 2025 promete ser un periodo de profundizaci\u00f3n en los logros alcanzados en 2024. Con el liderazgo del Ministro Dr. V\u00edctor Atallah, estamos en el camino correcto para construir un sistema de salud que no solo responda a las necesidades actuales, sino que tambi\u00e9n anticipe los retos del futuro. Juntos, podemos asegurar un bienestar duradero para todos los ciudadanos de nuestro pa\u00eds.<\/p>\r\n","protected":false},"excerpt":{"rendered":"<p>El a\u00f1o 2024 ha sido un periodo de grandes logros y avances en el \u00e1mbito de la salud p\u00fablica en nuestro pa\u00eds, y esto se debe en gran medida a la labor incansable del Ministro Dr. V\u00edctor Atallah. Desde su llegada al ministerio, hemos sido testigos de un compromiso firme con la mejora del sistema [&hellip;]<\/p>\n","protected":false},"author":10,"featured_media":2054,"comment_status":"open","ping_status":"open","sticky":false,"template":"","format":"standard","meta":{"om_disable_all_campaigns":false,"_monsterinsights_skip_tracking":false,"_monsterinsights_sitenote_active":false,"_monsterinsights_sitenote_note":"","_monsterinsights_sitenote_category":0,"footnotes":""},"categories":[1],"tags":[307],"class_list":{"0":"post-2458","1":"post","2":"type-post","3":"status-publish","4":"format-standard","5":"has-post-thumbnail","7":"category-nacionales","8":"tag-ministerio-de-salud-publica"},"aioseo_notices":[],"_links":{"self":[{"href":"https:\/\/periodicolarepublica.com\/index.php\/wp-json\/wp\/v2\/posts\/2458","targetHints":{"allow":["GET"]}}],"collection":[{"href":"https:\/\/periodicolarepublica.com\/index.php\/wp-json\/wp\/v2\/posts"}],"about":[{"href":"https:\/\/periodicolarepublica.com\/index.php\/wp-json\/wp\/v2\/types\/post"}],"author":[{"embeddable":true,"href":"https:\/\/periodicolarepublica.com\/index.php\/wp-json\/wp\/v2\/users\/10"}],"replies":[{"embeddable":true,"href":"https:\/\/periodicolarepublica.com\/index.php\/wp-json\/wp\/v2\/comments?post=2458"}],"version-history":[{"count":2,"href":"https:\/\/periodicolarepublica.com\/index.php\/wp-json\/wp\/v2\/posts\/2458\/revisions"}],"predecessor-version":[{"id":2462,"href":"https:\/\/periodicolarepublica.com\/index.php\/wp-json\/wp\/v2\/posts\/2458\/revisions\/2462"}],"wp:featuredmedia":[{"embeddable":true,"href":"https:\/\/periodicolarepublica.com\/index.php\/wp-json\/wp\/v2\/media\/2054"}],"wp:attachment":[{"href":"https:\/\/periodicolarepublica.com\/index.php\/wp-json\/wp\/v2\/media?parent=2458"}],"wp:term":[{"taxonomy":"category","embeddable":true,"href":"https:\/\/periodicolarepublica.com\/index.php\/wp-json\/wp\/v2\/categories?post=2458"},{"taxonomy":"post_tag","embeddable":true,"href":"https:\/\/periodicolarepublica.com\/index.php\/wp-json\/wp\/v2\/tags?post=2458"}],"curies":[{"name":"wp","href":"https:\/\/api.w.org\/{rel}","templated":true}]}}