{"id":2461,"date":"2025-01-03T23:17:02","date_gmt":"2025-01-03T22:17:02","guid":{"rendered":"https:\/\/periodicolarepublica.com\/?p=2461"},"modified":"2025-01-03T23:28:44","modified_gmt":"2025-01-03T22:28:44","slug":"ministro-dr-victor-elias-atallah-lajam-un-gerente-con-experiencia-al-servicio-de-la-salud","status":"publish","type":"post","link":"https:\/\/periodicolarepublica.com\/index.php\/2025\/01\/03\/ministro-dr-victor-elias-atallah-lajam-un-gerente-con-experiencia-al-servicio-de-la-salud\/","title":{"rendered":"Ministro Dr. V\u00edctor El\u00edas Atallah Lajam: Un Gerente con Experiencia al Servicio de la Salud"},"content":{"rendered":"\r\n<p><img loading=\"lazy\" decoding=\"async\" class=\"size-medium wp-image-2466 alignright\" src=\"https:\/\/periodicolarepublica.com\/wp-content\/uploads\/2025\/01\/IMG-20250103-WA0073-174x300.jpg\" alt=\"\" width=\"174\" height=\"300\" \/>Santo Domingo- El Dr. V\u00edctor El\u00edas Atallah Lajam, reconocido m\u00e9dico ha sido nombrado Ministro de Salud, aportando su amplia experiencia en el campo de la medicina y la gesti\u00f3n de la salud.<br \/><br \/>Graduado Magna Cum Laude en Medicina por el Instituto Tecnol\u00f3gico de Santo Domingo (INTEC) en 1987, el Dr. Atallah Lajam cuenta con postgrados en Cardiolog\u00eda, Cardiolog\u00eda Nuclear y Cardiolog\u00eda Intervencionista, obtenidos en el prestigioso Lenox Hill Hospital de Estados Unidos. Adem\u00e1s, est\u00e1 diplomado por el American Board de Medicina Interna y Cardiolog\u00eda Nuclear, y certificado por el directorio del American College of Cardiology.<br \/><br \/>Como fundador del primer programa de Medicina Nuclear en CEDIMAT, el Dr. Atallah Lajam ha coautorado numerosas publicaciones en su especialidad y se ha afiliado a m\u00e1s de 20 asociaciones m\u00e9dicas tanto nacionales como internacionales. Actualmente, se desempe\u00f1a como Director del Departamento de Cardiolog\u00eda Nuclear en CEDIMAT, as\u00ed como de Corazones Unidos y Angiograf\u00eda Coronaria en la Cl\u00ednica Abel Gonz\u00e1lez.<br \/><br \/>Desde el a\u00f1o 2001, ha realizado m\u00e1s de 20,000 procedimientos de cardiolog\u00eda nuclear y cerca de 3,000 angiograf\u00edas coronarias. Su compromiso con la salud p\u00fablica se evidenci\u00f3 tras la tragedia de Jiman\u00ed en 2004, donde colabor\u00f3 en la construcci\u00f3n de un centro de asistencia m\u00e9dica para los afectados, que fue inaugurado prematuramente tras el devastador terremoto en Hait\u00ed.<br \/><br \/>El Dr. Atallah Lajam tambi\u00e9n ha impartido clases a residentes de cardiolog\u00eda en HSBG y IDC, as\u00ed como a estudiantes de INTEC y UNIBE en CEDIMAT y HGPS. Su labor ha sido reconocida con el t\u00edtulo de Hijo Distinguido de San Francisco Macor\u00eds en 2003.<br \/><br \/>\u00abMi compromiso es trabajar incansablemente por la salud de todos. Juntos podemos hacer de nuestro sistema de salud un modelo a seguir\u00bb, afirm\u00f3 el Dr. Atallah Lajam.<\/p>\r\n","protected":false},"excerpt":{"rendered":"<p>Santo Domingo- El Dr. V\u00edctor El\u00edas Atallah Lajam, reconocido m\u00e9dico ha sido nombrado Ministro de Salud, aportando su amplia experiencia en el campo de la medicina y la gesti\u00f3n de la salud. Graduado Magna Cum Laude en Medicina por el Instituto Tecnol\u00f3gico de Santo Domingo (INTEC) en 1987, el Dr. Atallah Lajam cuenta con postgrados [&hellip;]<\/p>\n","protected":false},"author":10,"featured_media":0,"comment_status":"open","ping_status":"open","sticky":false,"template":"","format":"standard","meta":{"om_disable_all_campaigns":false,"_monsterinsights_skip_tracking":false,"_monsterinsights_sitenote_active":false,"_monsterinsights_sitenote_note":"","_monsterinsights_sitenote_category":0,"footnotes":""},"categories":[1],"tags":[161],"class_list":{"0":"post-2461","1":"post","2":"type-post","3":"status-publish","4":"format-standard","6":"category-nacionales","7":"tag-victor-atallah"},"aioseo_notices":[],"_links":{"self":[{"href":"https:\/\/periodicolarepublica.com\/index.php\/wp-json\/wp\/v2\/posts\/2461","targetHints":{"allow":["GET"]}}],"collection":[{"href":"https:\/\/periodicolarepublica.com\/index.php\/wp-json\/wp\/v2\/posts"}],"about":[{"href":"https:\/\/periodicolarepublica.com\/index.php\/wp-json\/wp\/v2\/types\/post"}],"author":[{"embeddable":true,"href":"https:\/\/periodicolarepublica.com\/index.php\/wp-json\/wp\/v2\/users\/10"}],"replies":[{"embeddable":true,"href":"https:\/\/periodicolarepublica.com\/index.php\/wp-json\/wp\/v2\/comments?post=2461"}],"version-history":[{"count":3,"href":"https:\/\/periodicolarepublica.com\/index.php\/wp-json\/wp\/v2\/posts\/2461\/revisions"}],"predecessor-version":[{"id":2468,"href":"https:\/\/periodicolarepublica.com\/index.php\/wp-json\/wp\/v2\/posts\/2461\/revisions\/2468"}],"wp:attachment":[{"href":"https:\/\/periodicolarepublica.com\/index.php\/wp-json\/wp\/v2\/media?parent=2461"}],"wp:term":[{"taxonomy":"category","embeddable":true,"href":"https:\/\/periodicolarepublica.com\/index.php\/wp-json\/wp\/v2\/categories?post=2461"},{"taxonomy":"post_tag","embeddable":true,"href":"https:\/\/periodicolarepublica.com\/index.php\/wp-json\/wp\/v2\/tags?post=2461"}],"curies":[{"name":"wp","href":"https:\/\/api.w.org\/{rel}","templated":true}]}}