{"id":2476,"date":"2025-01-06T16:40:14","date_gmt":"2025-01-06T15:40:14","guid":{"rendered":"https:\/\/periodicolarepublica.com\/?p=2476"},"modified":"2025-01-06T16:44:25","modified_gmt":"2025-01-06T15:44:25","slug":"ruddy-de-los-santos-hay-que-someter-a-estudios-a-funcionarios","status":"publish","type":"post","link":"https:\/\/periodicolarepublica.com\/index.php\/2025\/01\/06\/ruddy-de-los-santos-hay-que-someter-a-estudios-a-funcionarios\/","title":{"rendered":"Ruddy de los Santos; deben someter a estudios a funcionarios"},"content":{"rendered":"<p>El amigo que m\u00e1s suma, Ruddy de los Santos quien dirige el proyecto de comunicaci\u00f3n Gala Media Group, siempre realiza comentarios atinados y en esta ocasi\u00f3n se refiri\u00f3 a los funcionarios que deben ser designados en el tren gubernamental:<\/p>\n<p>\u00abCreo que adem\u00e1s del historial pol\u00edtico y perfil profesional, quienes son designados en funciones del Estado, deber\u00edan someterlos a una serie de estudios sobre su personalidad, su temperamento, su actitud, su conducta y su comportamiento, de esa manera el gobierno que nombra a funcionarios se evitar\u00eda una series de situaciones inc\u00f3modas y desagradables, capaces de hacer caer un gobierno con sus medidas y sus acciones inapropiadas, impopulares e inoportunas.\u00bb<\/p>\n<p><img loading=\"lazy\" decoding=\"async\" class=\"alignnone size-medium wp-image-1952\" src=\"https:\/\/periodicolarepublica.com\/wp-content\/uploads\/2024\/10\/Picsart_24-10-20_14-11-10-500-300x211.jpg\" alt=\"\" width=\"300\" height=\"211\" srcset=\"https:\/\/periodicolarepublica.com\/wp-content\/uploads\/2024\/10\/Picsart_24-10-20_14-11-10-500-300x211.jpg?v=1729448782 300w, https:\/\/periodicolarepublica.com\/wp-content\/uploads\/2024\/10\/Picsart_24-10-20_14-11-10-500-768x540.jpg?v=1729448782 768w, https:\/\/periodicolarepublica.com\/wp-content\/uploads\/2024\/10\/Picsart_24-10-20_14-11-10-500-150x105.jpg?v=1729448782 150w, https:\/\/periodicolarepublica.com\/wp-content\/uploads\/2024\/10\/Picsart_24-10-20_14-11-10-500-600x422.jpg?v=1729448782 600w, https:\/\/periodicolarepublica.com\/wp-content\/uploads\/2024\/10\/Picsart_24-10-20_14-11-10-500-696x489.jpg?v=1729448782 696w, https:\/\/periodicolarepublica.com\/wp-content\/uploads\/2024\/10\/Picsart_24-10-20_14-11-10-500-100x70.jpg?v=1729448782 100w, https:\/\/periodicolarepublica.com\/wp-content\/uploads\/2024\/10\/Picsart_24-10-20_14-11-10-500-200x140.jpg?v=1729448782 200w, https:\/\/periodicolarepublica.com\/wp-content\/uploads\/2024\/10\/Picsart_24-10-20_14-11-10-500.jpg?v=1729448782 805w\" sizes=\"auto, (max-width: 300px) 100vw, 300px\" \/><\/p>\n","protected":false},"excerpt":{"rendered":"<p>El amigo que m\u00e1s suma, Ruddy de los Santos quien dirige el proyecto de comunicaci\u00f3n Gala Media Group, siempre realiza comentarios atinados y en esta ocasi\u00f3n se refiri\u00f3 a los funcionarios que deben ser designados en el tren gubernamental: \u00abCreo que adem\u00e1s del historial pol\u00edtico y perfil profesional, quienes son designados en funciones del Estado, [&hellip;]<\/p>\n","protected":false},"author":1,"featured_media":1952,"comment_status":"open","ping_status":"open","sticky":false,"template":"","format":"standard","meta":{"om_disable_all_campaigns":false,"_monsterinsights_skip_tracking":false,"_monsterinsights_sitenote_active":false,"_monsterinsights_sitenote_note":"","_monsterinsights_sitenote_category":0,"footnotes":""},"categories":[1],"tags":[],"class_list":{"0":"post-2476","1":"post","2":"type-post","3":"status-publish","4":"format-standard","5":"has-post-thumbnail","7":"category-nacionales"},"aioseo_notices":[],"_links":{"self":[{"href":"https:\/\/periodicolarepublica.com\/index.php\/wp-json\/wp\/v2\/posts\/2476","targetHints":{"allow":["GET"]}}],"collection":[{"href":"https:\/\/periodicolarepublica.com\/index.php\/wp-json\/wp\/v2\/posts"}],"about":[{"href":"https:\/\/periodicolarepublica.com\/index.php\/wp-json\/wp\/v2\/types\/post"}],"author":[{"embeddable":true,"href":"https:\/\/periodicolarepublica.com\/index.php\/wp-json\/wp\/v2\/users\/1"}],"replies":[{"embeddable":true,"href":"https:\/\/periodicolarepublica.com\/index.php\/wp-json\/wp\/v2\/comments?post=2476"}],"version-history":[{"count":4,"href":"https:\/\/periodicolarepublica.com\/index.php\/wp-json\/wp\/v2\/posts\/2476\/revisions"}],"predecessor-version":[{"id":2480,"href":"https:\/\/periodicolarepublica.com\/index.php\/wp-json\/wp\/v2\/posts\/2476\/revisions\/2480"}],"wp:featuredmedia":[{"embeddable":true,"href":"https:\/\/periodicolarepublica.com\/index.php\/wp-json\/wp\/v2\/media\/1952"}],"wp:attachment":[{"href":"https:\/\/periodicolarepublica.com\/index.php\/wp-json\/wp\/v2\/media?parent=2476"}],"wp:term":[{"taxonomy":"category","embeddable":true,"href":"https:\/\/periodicolarepublica.com\/index.php\/wp-json\/wp\/v2\/categories?post=2476"},{"taxonomy":"post_tag","embeddable":true,"href":"https:\/\/periodicolarepublica.com\/index.php\/wp-json\/wp\/v2\/tags?post=2476"}],"curies":[{"name":"wp","href":"https:\/\/api.w.org\/{rel}","templated":true}]}}