{"id":2481,"date":"2025-01-07T17:07:48","date_gmt":"2025-01-07T16:07:48","guid":{"rendered":"https:\/\/periodicolarepublica.com\/?p=2481"},"modified":"2025-01-07T17:07:48","modified_gmt":"2025-01-07T16:07:48","slug":"asdn-realiza-operativo-de-limpieza-en-interseccion-hermanas-mirabal-con-charles-de-gaulle","status":"publish","type":"post","link":"https:\/\/periodicolarepublica.com\/index.php\/2025\/01\/07\/asdn-realiza-operativo-de-limpieza-en-interseccion-hermanas-mirabal-con-charles-de-gaulle\/","title":{"rendered":"ASDN realiza operativo de limpieza en intersecci\u00f3n Hermanas Mirabal con Charles de Gaulle"},"content":{"rendered":"<p>Santo Domingo Norte, R.D.- La Alcald\u00eda de Santo Domingo Norte (ASDN) inici\u00f3 un operativo de limpieza y adecuaci\u00f3n en la ic\u00f3nica intersecci\u00f3n conformada por las avenidas Hermanas Mirabal y Charles de Gaulle, pr\u00f3ximo a la parada del Metro, Mam\u00e1 Ting\u00f3.<\/p>\n<p>Desde tempranas horas de este martes obreros de las direcciones de Espacio P\u00fablico, Ornato y Parque y Aseo Urbano retiraron basura y escombros, lavaron el \u00e1rea, realizaron chapeos y cuneteos, en procura de mantener higienizada esa zona.<\/p>\n<p>La jornada forma parte de los esfuerzos que hace el cabildo, que dirige la alcaldesa Betty Ger\u00f3nimo, por recuperar ese espacio, que tradicionalmente permanec\u00eda arrabalizado por los vendedores ambulantes.<\/p>\n<p>DIRECCI\u00d3N DE COMUNICACIONES<\/p>\n<p><img loading=\"lazy\" decoding=\"async\" class=\"alignnone size-medium wp-image-2482\" src=\"https:\/\/periodicolarepublica.com\/wp-content\/uploads\/2025\/01\/IMG-20250107-WA0019-300x168.jpg\" alt=\"\" width=\"300\" height=\"168\" srcset=\"https:\/\/periodicolarepublica.com\/wp-content\/uploads\/2025\/01\/IMG-20250107-WA0019-300x168.jpg?v=1736266054 300w, https:\/\/periodicolarepublica.com\/wp-content\/uploads\/2025\/01\/IMG-20250107-WA0019-1024x572.jpg?v=1736266054 1024w, https:\/\/periodicolarepublica.com\/wp-content\/uploads\/2025\/01\/IMG-20250107-WA0019-768x429.jpg?v=1736266054 768w, https:\/\/periodicolarepublica.com\/wp-content\/uploads\/2025\/01\/IMG-20250107-WA0019-1536x858.jpg?v=1736266054 1536w, https:\/\/periodicolarepublica.com\/wp-content\/uploads\/2025\/01\/IMG-20250107-WA0019-150x84.jpg?v=1736266054 150w, https:\/\/periodicolarepublica.com\/wp-content\/uploads\/2025\/01\/IMG-20250107-WA0019-600x335.jpg?v=1736266054 600w, https:\/\/periodicolarepublica.com\/wp-content\/uploads\/2025\/01\/IMG-20250107-WA0019-696x389.jpg?v=1736266054 696w, https:\/\/periodicolarepublica.com\/wp-content\/uploads\/2025\/01\/IMG-20250107-WA0019-1392x778.jpg?v=1736266054 1392w, https:\/\/periodicolarepublica.com\/wp-content\/uploads\/2025\/01\/IMG-20250107-WA0019-1068x597.jpg?v=1736266054 1068w, https:\/\/periodicolarepublica.com\/wp-content\/uploads\/2025\/01\/IMG-20250107-WA0019.jpg?v=1736266054 1600w\" sizes=\"auto, (max-width: 300px) 100vw, 300px\" \/><\/p>\n","protected":false},"excerpt":{"rendered":"<p>Santo Domingo Norte, R.D.- La Alcald\u00eda de Santo Domingo Norte (ASDN) inici\u00f3 un operativo de limpieza y adecuaci\u00f3n en la ic\u00f3nica intersecci\u00f3n conformada por las avenidas Hermanas Mirabal y Charles de Gaulle, pr\u00f3ximo a la parada del Metro, Mam\u00e1 Ting\u00f3. Desde tempranas horas de este martes obreros de las direcciones de Espacio P\u00fablico, Ornato y [&hellip;]<\/p>\n","protected":false},"author":6,"featured_media":2482,"comment_status":"open","ping_status":"open","sticky":false,"template":"","format":"standard","meta":{"om_disable_all_campaigns":false,"_monsterinsights_skip_tracking":false,"_monsterinsights_sitenote_active":false,"_monsterinsights_sitenote_note":"","_monsterinsights_sitenote_category":0,"footnotes":""},"categories":[1],"tags":[],"class_list":{"0":"post-2481","1":"post","2":"type-post","3":"status-publish","4":"format-standard","5":"has-post-thumbnail","7":"category-nacionales"},"aioseo_notices":[],"_links":{"self":[{"href":"https:\/\/periodicolarepublica.com\/index.php\/wp-json\/wp\/v2\/posts\/2481","targetHints":{"allow":["GET"]}}],"collection":[{"href":"https:\/\/periodicolarepublica.com\/index.php\/wp-json\/wp\/v2\/posts"}],"about":[{"href":"https:\/\/periodicolarepublica.com\/index.php\/wp-json\/wp\/v2\/types\/post"}],"author":[{"embeddable":true,"href":"https:\/\/periodicolarepublica.com\/index.php\/wp-json\/wp\/v2\/users\/6"}],"replies":[{"embeddable":true,"href":"https:\/\/periodicolarepublica.com\/index.php\/wp-json\/wp\/v2\/comments?post=2481"}],"version-history":[{"count":1,"href":"https:\/\/periodicolarepublica.com\/index.php\/wp-json\/wp\/v2\/posts\/2481\/revisions"}],"predecessor-version":[{"id":2483,"href":"https:\/\/periodicolarepublica.com\/index.php\/wp-json\/wp\/v2\/posts\/2481\/revisions\/2483"}],"wp:featuredmedia":[{"embeddable":true,"href":"https:\/\/periodicolarepublica.com\/index.php\/wp-json\/wp\/v2\/media\/2482"}],"wp:attachment":[{"href":"https:\/\/periodicolarepublica.com\/index.php\/wp-json\/wp\/v2\/media?parent=2481"}],"wp:term":[{"taxonomy":"category","embeddable":true,"href":"https:\/\/periodicolarepublica.com\/index.php\/wp-json\/wp\/v2\/categories?post=2481"},{"taxonomy":"post_tag","embeddable":true,"href":"https:\/\/periodicolarepublica.com\/index.php\/wp-json\/wp\/v2\/tags?post=2481"}],"curies":[{"name":"wp","href":"https:\/\/api.w.org\/{rel}","templated":true}]}}