{"id":2494,"date":"2025-01-13T21:48:26","date_gmt":"2025-01-13T20:48:26","guid":{"rendered":"https:\/\/periodicolarepublica.com\/?p=2494"},"modified":"2025-01-13T21:48:26","modified_gmt":"2025-01-13T20:48:26","slug":"ministro-de-salud-victor-atallah-insta-a-evitar-el-estigma-asociado-a-la-depresion","status":"publish","type":"post","link":"https:\/\/periodicolarepublica.com\/index.php\/2025\/01\/13\/ministro-de-salud-victor-atallah-insta-a-evitar-el-estigma-asociado-a-la-depresion\/","title":{"rendered":"Ministro de Salud, V\u00edctor Atallah, insta a evitar el estigma asociado a la depresi\u00f3n"},"content":{"rendered":"\r\n<p><img loading=\"lazy\" decoding=\"async\" class=\"size-medium wp-image-2511 alignright\" src=\"https:\/\/periodicolarepublica.com\/wp-content\/uploads\/2025\/01\/clave-com-300x200.jpg\" alt=\"\" width=\"300\" height=\"200\" srcset=\"https:\/\/periodicolarepublica.com\/wp-content\/uploads\/2025\/01\/clave-com-300x200.jpg?v=1736801285 300w, https:\/\/periodicolarepublica.com\/wp-content\/uploads\/2025\/01\/clave-com-1024x682.jpg?v=1736801285 1024w, https:\/\/periodicolarepublica.com\/wp-content\/uploads\/2025\/01\/clave-com-768x511.jpg?v=1736801285 768w, https:\/\/periodicolarepublica.com\/wp-content\/uploads\/2025\/01\/clave-com-150x100.jpg?v=1736801285 150w, https:\/\/periodicolarepublica.com\/wp-content\/uploads\/2025\/01\/clave-com-600x399.jpg?v=1736801285 600w, https:\/\/periodicolarepublica.com\/wp-content\/uploads\/2025\/01\/clave-com-696x463.jpg?v=1736801285 696w, https:\/\/periodicolarepublica.com\/wp-content\/uploads\/2025\/01\/clave-com-1068x711.jpg?v=1736801285 1068w, https:\/\/periodicolarepublica.com\/wp-content\/uploads\/2025\/01\/clave-com.jpg?v=1736801285 1080w\" sizes=\"auto, (max-width: 300px) 100vw, 300px\" \/>A medida que nos acercamos a mayo de 2024, visualizo el puerto al que hemos estado navegando durante estos dos a\u00f1os. Cada ola superada, cada tormenta enfrentada, ha sido una oportunidad para aprender y crecer. Estoy agradecido por los compa\u00f1eros que han hecho de esta traves\u00eda una experiencia enriquecedora. Cada uno, con su personalidad y naturaleza \u00fanica, ha contribuido al \u00e9xito del equipo. <br \/><br \/>Aceptando a cada marinero tal como es, he descubierto que la diversidad de pensamientos y enfoques es una fortaleza, no un obst\u00e1culo. La verdadera esencia del trabajo en equipo radica en la capacidad de unir fuerzas, respetando las diferencias y potenciando las habilidades de cada individuo.<br \/><br \/>El deber cumplido es el faro que nos gu\u00eda en momentos de incertidumbre. Nos recuerda que, m\u00e1s all\u00e1 de los retos, hay un prop\u00f3sito mayor que nos impulsa. As\u00ed, cuando finalmente anclemos en el puerto de nuestros logros, podremos mirar atr\u00e1s con satisfacci\u00f3n y orgullo. Es un recordatorio de que el camino recorrido, lleno de aprendizajes y colaboraciones, vale tanto como el destino final.<\/p>\r\n","protected":false},"excerpt":{"rendered":"<p>A medida que nos acercamos a mayo de 2024, visualizo el puerto al que hemos estado navegando durante estos dos a\u00f1os. Cada ola superada, cada tormenta enfrentada, ha sido una oportunidad para aprender y crecer. Estoy agradecido por los compa\u00f1eros que han hecho de esta traves\u00eda una experiencia enriquecedora. Cada uno, con su personalidad y [&hellip;]<\/p>\n","protected":false},"author":10,"featured_media":2511,"comment_status":"open","ping_status":"open","sticky":false,"template":"","format":"standard","meta":{"om_disable_all_campaigns":false,"_monsterinsights_skip_tracking":false,"_monsterinsights_sitenote_active":false,"_monsterinsights_sitenote_note":"","_monsterinsights_sitenote_category":0,"footnotes":""},"categories":[1],"tags":[159],"class_list":{"0":"post-2494","1":"post","2":"type-post","3":"status-publish","4":"format-standard","5":"has-post-thumbnail","7":"category-nacionales","8":"tag-ministro-de-salud-publica-victor-atallah"},"aioseo_notices":[],"_links":{"self":[{"href":"https:\/\/periodicolarepublica.com\/index.php\/wp-json\/wp\/v2\/posts\/2494","targetHints":{"allow":["GET"]}}],"collection":[{"href":"https:\/\/periodicolarepublica.com\/index.php\/wp-json\/wp\/v2\/posts"}],"about":[{"href":"https:\/\/periodicolarepublica.com\/index.php\/wp-json\/wp\/v2\/types\/post"}],"author":[{"embeddable":true,"href":"https:\/\/periodicolarepublica.com\/index.php\/wp-json\/wp\/v2\/users\/10"}],"replies":[{"embeddable":true,"href":"https:\/\/periodicolarepublica.com\/index.php\/wp-json\/wp\/v2\/comments?post=2494"}],"version-history":[{"count":2,"href":"https:\/\/periodicolarepublica.com\/index.php\/wp-json\/wp\/v2\/posts\/2494\/revisions"}],"predecessor-version":[{"id":2512,"href":"https:\/\/periodicolarepublica.com\/index.php\/wp-json\/wp\/v2\/posts\/2494\/revisions\/2512"}],"wp:featuredmedia":[{"embeddable":true,"href":"https:\/\/periodicolarepublica.com\/index.php\/wp-json\/wp\/v2\/media\/2511"}],"wp:attachment":[{"href":"https:\/\/periodicolarepublica.com\/index.php\/wp-json\/wp\/v2\/media?parent=2494"}],"wp:term":[{"taxonomy":"category","embeddable":true,"href":"https:\/\/periodicolarepublica.com\/index.php\/wp-json\/wp\/v2\/categories?post=2494"},{"taxonomy":"post_tag","embeddable":true,"href":"https:\/\/periodicolarepublica.com\/index.php\/wp-json\/wp\/v2\/tags?post=2494"}],"curies":[{"name":"wp","href":"https:\/\/api.w.org\/{rel}","templated":true}]}}