{"id":2497,"date":"2025-01-11T17:57:57","date_gmt":"2025-01-11T16:57:57","guid":{"rendered":"https:\/\/periodicolarepublica.com\/?p=2497"},"modified":"2025-01-11T17:57:57","modified_gmt":"2025-01-11T16:57:57","slug":"gobierno-beneficiara-a-mas-de-8-mil-familias-con-programa-de-titulacion-en-el-distrito-nacional","status":"publish","type":"post","link":"https:\/\/periodicolarepublica.com\/index.php\/2025\/01\/11\/gobierno-beneficiara-a-mas-de-8-mil-familias-con-programa-de-titulacion-en-el-distrito-nacional\/","title":{"rendered":"Gobierno beneficiar\u00e1 a m\u00e1s de 8 mil familias con programa de titulaci\u00f3n en el Distrito Nacional"},"content":{"rendered":"<p>Santo Domingo. &#8211; M\u00e1s de ocho mil familias se beneficiar\u00e1n del programa de titulaci\u00f3n de viviendas que ejecuta el gobierno del presidente de la Rep\u00fablica Luis Abinader, a trav\u00e9s de la Unidad T\u00e9cnica Ejecutora de Titulaci\u00f3n de Terrenos del Estado (UTECT).<\/p>\n<p>&nbsp;<\/p>\n<p>La informaci\u00f3n fue dada a conocer durante una reuni\u00f3n realizada en la Escuela Salom\u00e9 Ure\u00f1a del sector el Capotillo con dirigentes comunitarios de organizaciones representativas de este y otros barrios populares de la Circunscripci\u00f3n tres del Distrito Nacional.<\/p>\n<p>&nbsp;<\/p>\n<p>El encuentro con los comunitarios estuvo encabezado por el presidente de la Comisi\u00f3n de Desarrollo Barrial, Rolfis Rojas y el director General de los Centros Tecnol\u00f3gicos Comunitarios (CTC), Isidro Torres, quienes encabezaron la representaci\u00f3n oficial del gobierno e informaron que el pr\u00f3ximo domingo el presidente Luis Abinader encabezar\u00e1 un masivo acto donde detalla los alcances y el impacto de esta nueva jornada de titulaci\u00f3n.<\/p>\n<p>El acto se llevar\u00e1 a cabo el domingo 12 a las 10:00 de la ma\u00f1ana en la explanada de la iglesia Santo Cura de Ars, ubicada en la intersecci\u00f3n de las avenidas Duarte y Nicol\u00e1s de Ovando, del Ensanche Capotillo.<\/p>\n<p><img loading=\"lazy\" decoding=\"async\" class=\"alignnone size-medium wp-image-2498\" src=\"https:\/\/periodicolarepublica.com\/wp-content\/uploads\/2025\/01\/IMG-20250111-WA0259-300x135.jpg\" alt=\"\" width=\"300\" height=\"135\" srcset=\"https:\/\/periodicolarepublica.com\/wp-content\/uploads\/2025\/01\/IMG-20250111-WA0259-300x135.jpg?v=1736614604 300w, https:\/\/periodicolarepublica.com\/wp-content\/uploads\/2025\/01\/IMG-20250111-WA0259-1024x461.jpg?v=1736614604 1024w, https:\/\/periodicolarepublica.com\/wp-content\/uploads\/2025\/01\/IMG-20250111-WA0259-768x346.jpg?v=1736614604 768w, https:\/\/periodicolarepublica.com\/wp-content\/uploads\/2025\/01\/IMG-20250111-WA0259-1536x691.jpg?v=1736614604 1536w, https:\/\/periodicolarepublica.com\/wp-content\/uploads\/2025\/01\/IMG-20250111-WA0259-2048x922.jpg?v=1736614604 2048w, https:\/\/periodicolarepublica.com\/wp-content\/uploads\/2025\/01\/IMG-20250111-WA0259-150x68.jpg?v=1736614604 150w, https:\/\/periodicolarepublica.com\/wp-content\/uploads\/2025\/01\/IMG-20250111-WA0259-600x270.jpg?v=1736614604 600w, https:\/\/periodicolarepublica.com\/wp-content\/uploads\/2025\/01\/IMG-20250111-WA0259-696x313.jpg?v=1736614604 696w, https:\/\/periodicolarepublica.com\/wp-content\/uploads\/2025\/01\/IMG-20250111-WA0259-1392x626.jpg?v=1736614604 1392w, https:\/\/periodicolarepublica.com\/wp-content\/uploads\/2025\/01\/IMG-20250111-WA0259-1068x481.jpg?v=1736614604 1068w, https:\/\/periodicolarepublica.com\/wp-content\/uploads\/2025\/01\/IMG-20250111-WA0259-1920x864.jpg?v=1736614604 1920w\" sizes=\"auto, (max-width: 300px) 100vw, 300px\" \/><\/p>\n","protected":false},"excerpt":{"rendered":"<p>Santo Domingo. &#8211; M\u00e1s de ocho mil familias se beneficiar\u00e1n del programa de titulaci\u00f3n de viviendas que ejecuta el gobierno del presidente de la Rep\u00fablica Luis Abinader, a trav\u00e9s de la Unidad T\u00e9cnica Ejecutora de Titulaci\u00f3n de Terrenos del Estado (UTECT). &nbsp; La informaci\u00f3n fue dada a conocer durante una reuni\u00f3n realizada en la Escuela [&hellip;]<\/p>\n","protected":false},"author":6,"featured_media":2498,"comment_status":"open","ping_status":"open","sticky":false,"template":"","format":"standard","meta":{"om_disable_all_campaigns":false,"_monsterinsights_skip_tracking":false,"_monsterinsights_sitenote_active":false,"_monsterinsights_sitenote_note":"","_monsterinsights_sitenote_category":0,"footnotes":""},"categories":[1],"tags":[347],"class_list":{"0":"post-2497","1":"post","2":"type-post","3":"status-publish","4":"format-standard","5":"has-post-thumbnail","7":"category-nacionales","8":"tag-rolfi-rojas"},"aioseo_notices":[],"_links":{"self":[{"href":"https:\/\/periodicolarepublica.com\/index.php\/wp-json\/wp\/v2\/posts\/2497","targetHints":{"allow":["GET"]}}],"collection":[{"href":"https:\/\/periodicolarepublica.com\/index.php\/wp-json\/wp\/v2\/posts"}],"about":[{"href":"https:\/\/periodicolarepublica.com\/index.php\/wp-json\/wp\/v2\/types\/post"}],"author":[{"embeddable":true,"href":"https:\/\/periodicolarepublica.com\/index.php\/wp-json\/wp\/v2\/users\/6"}],"replies":[{"embeddable":true,"href":"https:\/\/periodicolarepublica.com\/index.php\/wp-json\/wp\/v2\/comments?post=2497"}],"version-history":[{"count":1,"href":"https:\/\/periodicolarepublica.com\/index.php\/wp-json\/wp\/v2\/posts\/2497\/revisions"}],"predecessor-version":[{"id":2499,"href":"https:\/\/periodicolarepublica.com\/index.php\/wp-json\/wp\/v2\/posts\/2497\/revisions\/2499"}],"wp:featuredmedia":[{"embeddable":true,"href":"https:\/\/periodicolarepublica.com\/index.php\/wp-json\/wp\/v2\/media\/2498"}],"wp:attachment":[{"href":"https:\/\/periodicolarepublica.com\/index.php\/wp-json\/wp\/v2\/media?parent=2497"}],"wp:term":[{"taxonomy":"category","embeddable":true,"href":"https:\/\/periodicolarepublica.com\/index.php\/wp-json\/wp\/v2\/categories?post=2497"},{"taxonomy":"post_tag","embeddable":true,"href":"https:\/\/periodicolarepublica.com\/index.php\/wp-json\/wp\/v2\/tags?post=2497"}],"curies":[{"name":"wp","href":"https:\/\/api.w.org\/{rel}","templated":true}]}}