{"id":2500,"date":"2025-01-11T19:44:15","date_gmt":"2025-01-11T18:44:15","guid":{"rendered":"https:\/\/periodicolarepublica.com\/?p=2500"},"modified":"2025-01-11T19:44:15","modified_gmt":"2025-01-11T18:44:15","slug":"ayuntamiento-de-santo-domingo-este-conmemora-el-53-aniversario-de-la-caida-de-los-palmeros-con-una-ofrenda-floral","status":"publish","type":"post","link":"https:\/\/periodicolarepublica.com\/index.php\/2025\/01\/11\/ayuntamiento-de-santo-domingo-este-conmemora-el-53-aniversario-de-la-caida-de-los-palmeros-con-una-ofrenda-floral\/","title":{"rendered":"Ayuntamiento de Santo Domingo Este conmemora el 53 aniversario de la ca\u00edda de Los Palmeros con una ofrenda floral"},"content":{"rendered":"<p>Santo Domingo Este.- Con una ofrenda floral, el Ayuntamiento de Santo Domingo Este conmemor\u00f3 el 53 Aniversario de la Ca\u00edda Heroica de Los Palmeros, hecho ocurrido el 12 de enero de 1972, en un enfrentamiento hist\u00f3rico entre los dirigentes izquierdistas Amaury Germ\u00e1n Aristy, Virgilio Perdomo, Ulises Cer\u00f3n y Bienvenido Leal Prandy (La Chuta) con miembros de las Fuerzas Armadas y la Polic\u00eda Nacional.<\/p>\n<p>&nbsp;<\/p>\n<p>El evento fue realizado en el Parque Memorial de la Resistencia Heroica Los Palmeros, donde tambi\u00e9n se develizaron los bancos que rendir\u00e1n tributo a las mujeres luchadoras por la libertad del pueblo dominicano, como son: Brunilda So\u00f1\u00e9, Brunilda Amaral, C\u00e1ndida Oviedo, Josefina Padilla Deschamps, Idelissa Bonnelly de Calventy, Magaly Pinedo, Sonia Silvestre, Abiga\u00edl Mej\u00eda, Josefina Paniagua y Rossi Alba Paniagua.<\/p>\n<p>&nbsp;<\/p>\n<p>El discurso central del acto estuvo a cargo del alcalde D\u00edo Astacio, quien manifest\u00f3 que \u201cun d\u00eda como hoy, en 1972, este lugar se convirti\u00f3 en un centro para guardar las huellas de un sacrificio inmenso. Hoy nos reunimos no s\u00f3lo para recordar, sino tambi\u00e9n para honrar a estos cuatro j\u00f3venes, cuya entrega y valent\u00eda se convirtieron en un s\u00edmbolo imborrable de la lucha por la libertad\u201d.<\/p>\n<p>&nbsp;<\/p>\n<p>Agreg\u00f3 que \u201chace 53 a\u00f1os, en este mismo suelo, estos j\u00f3venes decidieron que su amor por la Patria y su compromiso con la justicia, val\u00eda m\u00e1s que su propia vida. Con sus ideales de estandarte y su juventud como combustible, enfrentaron todo atentado contra la libertad porque ellos sab\u00edan que la libertad nunca ha sido gratuita, que es un derecho, que en muchas ocasiones hay que defenderlo con coraje y sacrificio. Los Palmeros no cayeron aqu\u00ed, los Palmeros se elevaron, se elevaron como un faro para aquellos que a\u00fan creen que un pa\u00eds sin libertad no es un pa\u00eds.\u201d<\/p>\n<p>&nbsp;<\/p>\n<p>El alcalde concluy\u00f3 que \u201choy nos toca a nosotros recoger esa antorcha que ellos llevaron hasta el final, nos toca ense\u00f1ar a las nuevas generaciones que el sacrificio de Los Palmeros no fue en vano\u201d.<\/p>\n<p>Mientras que, la tesorera de la Fundaci\u00f3n Germ\u00e1n Aristy, Emna Bujosa, dijo que \u201ccon el fervor patri\u00f3tico de los que luchan por la libertad y la verdadera democracia, les damos la bienvenida a este acto, en el que iniciamos el programa de conmemoraci\u00f3n del 53 aniversario de la ca\u00edda heroica de Los Palmeros y que en esta ocasi\u00f3n est\u00e1 dedicado a valientes mujeres serenas, creativas, comprometidas con su tiempo; mujeres excepcionales que vivieron tiempos de horror y barbarie y momentos luminosos de nuestra historia\u201d.<\/p>\n<p>&nbsp;<\/p>\n<p>Por su lado, el director general del Instituto Nacional de Formaci\u00f3n T\u00e9cnico Profesional (INFOTEP), Rafael Santos Bad\u00eda, consider\u00f3 que este tipo de actividad se hace para llevar un ejemplo a la juventud de hoy d\u00eda.<\/p>\n<p>&nbsp;<\/p>\n<p>La mesa de honor estuvo integrada, por el alcalde D\u00edo Astacio, la vicealcaldesa \u00c1ngela Henr\u00edquez; el embajador de Colombia en el pa\u00eds, Dar\u00edo Villamizar Herrera, el director del INFOTEP, Rafael Santos Bad\u00eda; la tesorera de la Fundaci\u00f3n Germ\u00e1n Aristy, Emna Bujosa y la directora regional de Educaci\u00f3n, Teodosia Ota\u00f1o.<\/p>\n<p>Estuvieron presentes, adem\u00e1s, la regidora Jehimy N\u00fa\u00f1ez; el director de Cultura, Alfredo Reynoso, el director de la Juventud, Gabriel Est\u00e9vez; la directora de Desarrollo Social, Olga Hach\u00e9, as\u00ed como, el exalcalde, Domingo Batista, entre otros.<\/p>\n<p><img loading=\"lazy\" decoding=\"async\" class=\"alignnone size-medium wp-image-2501\" src=\"https:\/\/periodicolarepublica.com\/wp-content\/uploads\/2025\/01\/IMG-20250111-WA0019-300x169.jpg\" alt=\"\" width=\"300\" height=\"169\" srcset=\"https:\/\/periodicolarepublica.com\/wp-content\/uploads\/2025\/01\/IMG-20250111-WA0019-300x169.jpg?v=1736621034 300w, https:\/\/periodicolarepublica.com\/wp-content\/uploads\/2025\/01\/IMG-20250111-WA0019-1024x578.jpg?v=1736621034 1024w, https:\/\/periodicolarepublica.com\/wp-content\/uploads\/2025\/01\/IMG-20250111-WA0019-768x433.jpg?v=1736621034 768w, https:\/\/periodicolarepublica.com\/wp-content\/uploads\/2025\/01\/IMG-20250111-WA0019-1536x867.jpg?v=1736621034 1536w, https:\/\/periodicolarepublica.com\/wp-content\/uploads\/2025\/01\/IMG-20250111-WA0019-150x85.jpg?v=1736621034 150w, https:\/\/periodicolarepublica.com\/wp-content\/uploads\/2025\/01\/IMG-20250111-WA0019-600x339.jpg?v=1736621034 600w, https:\/\/periodicolarepublica.com\/wp-content\/uploads\/2025\/01\/IMG-20250111-WA0019-696x393.jpg?v=1736621034 696w, https:\/\/periodicolarepublica.com\/wp-content\/uploads\/2025\/01\/IMG-20250111-WA0019-1392x786.jpg?v=1736621034 1392w, https:\/\/periodicolarepublica.com\/wp-content\/uploads\/2025\/01\/IMG-20250111-WA0019-1068x603.jpg?v=1736621034 1068w, https:\/\/periodicolarepublica.com\/wp-content\/uploads\/2025\/01\/IMG-20250111-WA0019.jpg?v=1736621034 1600w\" sizes=\"auto, (max-width: 300px) 100vw, 300px\" \/><\/p>\n<p>&nbsp;<\/p>\n","protected":false},"excerpt":{"rendered":"<p>Santo Domingo Este.- Con una ofrenda floral, el Ayuntamiento de Santo Domingo Este conmemor\u00f3 el 53 Aniversario de la Ca\u00edda Heroica de Los Palmeros, hecho ocurrido el 12 de enero de 1972, en un enfrentamiento hist\u00f3rico entre los dirigentes izquierdistas Amaury Germ\u00e1n Aristy, Virgilio Perdomo, Ulises Cer\u00f3n y Bienvenido Leal Prandy (La Chuta) con miembros [&hellip;]<\/p>\n","protected":false},"author":6,"featured_media":2501,"comment_status":"open","ping_status":"open","sticky":false,"template":"","format":"standard","meta":{"om_disable_all_campaigns":false,"_monsterinsights_skip_tracking":false,"_monsterinsights_sitenote_active":false,"_monsterinsights_sitenote_note":"","_monsterinsights_sitenote_category":0,"footnotes":""},"categories":[1],"tags":[],"class_list":{"0":"post-2500","1":"post","2":"type-post","3":"status-publish","4":"format-standard","5":"has-post-thumbnail","7":"category-nacionales"},"aioseo_notices":[],"_links":{"self":[{"href":"https:\/\/periodicolarepublica.com\/index.php\/wp-json\/wp\/v2\/posts\/2500","targetHints":{"allow":["GET"]}}],"collection":[{"href":"https:\/\/periodicolarepublica.com\/index.php\/wp-json\/wp\/v2\/posts"}],"about":[{"href":"https:\/\/periodicolarepublica.com\/index.php\/wp-json\/wp\/v2\/types\/post"}],"author":[{"embeddable":true,"href":"https:\/\/periodicolarepublica.com\/index.php\/wp-json\/wp\/v2\/users\/6"}],"replies":[{"embeddable":true,"href":"https:\/\/periodicolarepublica.com\/index.php\/wp-json\/wp\/v2\/comments?post=2500"}],"version-history":[{"count":1,"href":"https:\/\/periodicolarepublica.com\/index.php\/wp-json\/wp\/v2\/posts\/2500\/revisions"}],"predecessor-version":[{"id":2502,"href":"https:\/\/periodicolarepublica.com\/index.php\/wp-json\/wp\/v2\/posts\/2500\/revisions\/2502"}],"wp:featuredmedia":[{"embeddable":true,"href":"https:\/\/periodicolarepublica.com\/index.php\/wp-json\/wp\/v2\/media\/2501"}],"wp:attachment":[{"href":"https:\/\/periodicolarepublica.com\/index.php\/wp-json\/wp\/v2\/media?parent=2500"}],"wp:term":[{"taxonomy":"category","embeddable":true,"href":"https:\/\/periodicolarepublica.com\/index.php\/wp-json\/wp\/v2\/categories?post=2500"},{"taxonomy":"post_tag","embeddable":true,"href":"https:\/\/periodicolarepublica.com\/index.php\/wp-json\/wp\/v2\/tags?post=2500"}],"curies":[{"name":"wp","href":"https:\/\/api.w.org\/{rel}","templated":true}]}}