{"id":2503,"date":"2025-01-11T20:03:21","date_gmt":"2025-01-11T19:03:21","guid":{"rendered":"https:\/\/periodicolarepublica.com\/?p=2503"},"modified":"2025-01-11T20:03:21","modified_gmt":"2025-01-11T19:03:21","slug":"plasticos-x-juguetes-llega-a-san-pedro-de-macoris","status":"publish","type":"post","link":"https:\/\/periodicolarepublica.com\/index.php\/2025\/01\/11\/plasticos-x-juguetes-llega-a-san-pedro-de-macoris\/","title":{"rendered":"Pl\u00e1sticos x Juguetes llega a San Pedro de Macor\u00eds"},"content":{"rendered":"<p>La alcaldesa Carolina Mej\u00eda fue la invitada de honor de su hom\u00f3logo Rafa Ortiz en la realizaci\u00f3n este s\u00e1bado de la edici\u00f3n Pl\u00e1sticos por Juguetes que lleva a cabo la Alcald\u00eda de San Pedro de Macor\u00eds.<\/p>\n<p>Mej\u00eda felicit\u00f3 a Ortiz por replicar en San Pedro el exitoso programa de intercambio de botellitas pl\u00e1sticas por juguetes. Tambi\u00e9n puso a disposici\u00f3n de los dem\u00e1s alcaldes la experiencia del cabildo capitale\u00f1o en ese y otros proyectos.<\/p>\n<p><img loading=\"lazy\" decoding=\"async\" class=\"alignnone size-medium wp-image-2504\" src=\"https:\/\/periodicolarepublica.com\/wp-content\/uploads\/2025\/01\/IMG-20250111-WA0015-300x200.jpg\" alt=\"\" width=\"300\" height=\"200\" srcset=\"https:\/\/periodicolarepublica.com\/wp-content\/uploads\/2025\/01\/IMG-20250111-WA0015-300x200.jpg?v=1736621204 300w, https:\/\/periodicolarepublica.com\/wp-content\/uploads\/2025\/01\/IMG-20250111-WA0015-1024x682.jpg?v=1736621204 1024w, https:\/\/periodicolarepublica.com\/wp-content\/uploads\/2025\/01\/IMG-20250111-WA0015-768x512.jpg?v=1736621204 768w, https:\/\/periodicolarepublica.com\/wp-content\/uploads\/2025\/01\/IMG-20250111-WA0015-150x100.jpg?v=1736621204 150w, https:\/\/periodicolarepublica.com\/wp-content\/uploads\/2025\/01\/IMG-20250111-WA0015-600x400.jpg?v=1736621204 600w, https:\/\/periodicolarepublica.com\/wp-content\/uploads\/2025\/01\/IMG-20250111-WA0015-696x464.jpg?v=1736621204 696w, https:\/\/periodicolarepublica.com\/wp-content\/uploads\/2025\/01\/IMG-20250111-WA0015-1068x712.jpg?v=1736621204 1068w, https:\/\/periodicolarepublica.com\/wp-content\/uploads\/2025\/01\/IMG-20250111-WA0015.jpg?v=1736621204 1280w\" sizes=\"auto, (max-width: 300px) 100vw, 300px\" \/><\/p>\n","protected":false},"excerpt":{"rendered":"<p>La alcaldesa Carolina Mej\u00eda fue la invitada de honor de su hom\u00f3logo Rafa Ortiz en la realizaci\u00f3n este s\u00e1bado de la edici\u00f3n Pl\u00e1sticos por Juguetes que lleva a cabo la Alcald\u00eda de San Pedro de Macor\u00eds. Mej\u00eda felicit\u00f3 a Ortiz por replicar en San Pedro el exitoso programa de intercambio de botellitas pl\u00e1sticas por juguetes. [&hellip;]<\/p>\n","protected":false},"author":6,"featured_media":2504,"comment_status":"open","ping_status":"open","sticky":false,"template":"","format":"standard","meta":{"om_disable_all_campaigns":false,"_monsterinsights_skip_tracking":false,"_monsterinsights_sitenote_active":false,"_monsterinsights_sitenote_note":"","_monsterinsights_sitenote_category":0,"footnotes":""},"categories":[1],"tags":[],"class_list":{"0":"post-2503","1":"post","2":"type-post","3":"status-publish","4":"format-standard","5":"has-post-thumbnail","7":"category-nacionales"},"aioseo_notices":[],"_links":{"self":[{"href":"https:\/\/periodicolarepublica.com\/index.php\/wp-json\/wp\/v2\/posts\/2503","targetHints":{"allow":["GET"]}}],"collection":[{"href":"https:\/\/periodicolarepublica.com\/index.php\/wp-json\/wp\/v2\/posts"}],"about":[{"href":"https:\/\/periodicolarepublica.com\/index.php\/wp-json\/wp\/v2\/types\/post"}],"author":[{"embeddable":true,"href":"https:\/\/periodicolarepublica.com\/index.php\/wp-json\/wp\/v2\/users\/6"}],"replies":[{"embeddable":true,"href":"https:\/\/periodicolarepublica.com\/index.php\/wp-json\/wp\/v2\/comments?post=2503"}],"version-history":[{"count":1,"href":"https:\/\/periodicolarepublica.com\/index.php\/wp-json\/wp\/v2\/posts\/2503\/revisions"}],"predecessor-version":[{"id":2505,"href":"https:\/\/periodicolarepublica.com\/index.php\/wp-json\/wp\/v2\/posts\/2503\/revisions\/2505"}],"wp:featuredmedia":[{"embeddable":true,"href":"https:\/\/periodicolarepublica.com\/index.php\/wp-json\/wp\/v2\/media\/2504"}],"wp:attachment":[{"href":"https:\/\/periodicolarepublica.com\/index.php\/wp-json\/wp\/v2\/media?parent=2503"}],"wp:term":[{"taxonomy":"category","embeddable":true,"href":"https:\/\/periodicolarepublica.com\/index.php\/wp-json\/wp\/v2\/categories?post=2503"},{"taxonomy":"post_tag","embeddable":true,"href":"https:\/\/periodicolarepublica.com\/index.php\/wp-json\/wp\/v2\/tags?post=2503"}],"curies":[{"name":"wp","href":"https:\/\/api.w.org\/{rel}","templated":true}]}}