{"id":2506,"date":"2025-01-12T20:16:33","date_gmt":"2025-01-12T19:16:33","guid":{"rendered":"https:\/\/periodicolarepublica.com\/?p=2506"},"modified":"2025-01-12T20:16:33","modified_gmt":"2025-01-12T19:16:33","slug":"movimiento-rodando-con-la-comunidad-lleva-alegria-con-entrega-de-juguetes","status":"publish","type":"post","link":"https:\/\/periodicolarepublica.com\/index.php\/2025\/01\/12\/movimiento-rodando-con-la-comunidad-lleva-alegria-con-entrega-de-juguetes\/","title":{"rendered":"Movimiento \u201cRodando con la Comunidad\u201d Lleva Alegr\u00eda con Entrega de Juguetes"},"content":{"rendered":"<p>La alegr\u00eda y la esperanza llegaron este fin de semana a los barrios de la capital, gracias a la entrega de juguetes organizada por el movimiento social \u201cRodando con la Comunidad\u201d, liderado por Luisina Mi\u00f1oso de Mej\u00eda. La actividad, que tuvo lugar en Manganagua, reuni\u00f3 a un grupo de voluntarios y miembros del movimiento, quienes se unieron para llevar sonrisas a los m\u00e1s peque\u00f1os.<\/p>\n<p>La iniciativa, que se ha convertido en una tradici\u00f3n dentro de la comunidad, se realiza con el objetivo de brindar un momento de felicidad a los ni\u00f1os en situaci\u00f3n de vulnerabilidad. Este a\u00f1o, la entrega de juguetes benefici\u00f3 a cientos de ni\u00f1os, quienes recibieron obsequios que van desde mu\u00f1ecas y carritos hasta juegos de mesa.<\/p>\n<p>Luisina Mi\u00f1oso de Mej\u00eda, fundadora del movimiento, expres\u00f3 su satisfacci\u00f3n al ver la felicidad mediante las redes sociales reflejada en los rostros de los ni\u00f1os. \u201c<\/p>\n<p>La entrega de juguetes no solo se limit\u00f3 a la distribuci\u00f3n de regalos; tambi\u00e9n incluy\u00f3 actividades recreativas, juegos y un espacio para compartir en familia. Los voluntarios, muchos de ellos residentes de la comunidad, se unieron con entusiasmo, creando un ambiente festivo que hizo olvidar, aunque sea por un momento, las dificultades cotidianas que enfrentan muchas familias.<\/p>\n<p>\u201cRodando con la Comunidad\u201d se ha consolidado como un referente de solidaridad y apoyo en la capital, realizando diversas actividades a lo largo del a\u00f1o. Con esta entrega de juguetes, el movimiento reafirma su compromiso con la comunidad y su deseo de seguir trabajando por el bienestar de los ni\u00f1os y sus familias.<\/p>\n<p>A medida que la actividad lleg\u00f3 a su fin, las risas y los gritos de alegr\u00eda resonaban en Manganagua, recordando a todos los presentes que, a pesar de los desaf\u00edos, la esperanza y la solidaridad siempre pueden marcar la diferencia.<\/p>\n<ul>\n<li style=\"text-align: right;\"><figure id=\"attachment_2507\" aria-describedby=\"caption-attachment-2507\" style=\"width: 300px\" class=\"wp-caption alignnone\"><img loading=\"lazy\" decoding=\"async\" class=\"size-medium wp-image-2507\" src=\"https:\/\/periodicolarepublica.com\/wp-content\/uploads\/2025\/01\/Picsart_25-01-12_15-11-35-004-300x230.jpg\" alt=\"\" width=\"300\" height=\"230\" srcset=\"https:\/\/periodicolarepublica.com\/wp-content\/uploads\/2025\/01\/Picsart_25-01-12_15-11-35-004-300x230.jpg?v=1736709373 300w, https:\/\/periodicolarepublica.com\/wp-content\/uploads\/2025\/01\/Picsart_25-01-12_15-11-35-004-1024x784.jpg?v=1736709373 1024w, https:\/\/periodicolarepublica.com\/wp-content\/uploads\/2025\/01\/Picsart_25-01-12_15-11-35-004-768x588.jpg?v=1736709373 768w, https:\/\/periodicolarepublica.com\/wp-content\/uploads\/2025\/01\/Picsart_25-01-12_15-11-35-004-150x115.jpg?v=1736709373 150w, https:\/\/periodicolarepublica.com\/wp-content\/uploads\/2025\/01\/Picsart_25-01-12_15-11-35-004-600x459.jpg?v=1736709373 600w, https:\/\/periodicolarepublica.com\/wp-content\/uploads\/2025\/01\/Picsart_25-01-12_15-11-35-004-696x533.jpg?v=1736709373 696w, https:\/\/periodicolarepublica.com\/wp-content\/uploads\/2025\/01\/Picsart_25-01-12_15-11-35-004-1392x1065.jpg?v=1736709373 1392w, https:\/\/periodicolarepublica.com\/wp-content\/uploads\/2025\/01\/Picsart_25-01-12_15-11-35-004-1068x817.jpg?v=1736709373 1068w, https:\/\/periodicolarepublica.com\/wp-content\/uploads\/2025\/01\/Picsart_25-01-12_15-11-35-004.jpg?v=1736709373 1411w\" sizes=\"auto, (max-width: 300px) 100vw, 300px\" \/><figcaption id=\"caption-attachment-2507\" class=\"wp-caption-text\">{\u00abremix_data\u00bb:[],\u00bbremix_entry_point\u00bb:\u00bbchallenges\u00bb,\u00bbsource_tags\u00bb:[\u00ablocal\u00bb],\u00bborigin\u00bb:\u00bbunknown\u00bb,\u00bbtotal_draw_time\u00bb:0,\u00bbtotal_draw_actions\u00bb:0,\u00bblayers_used\u00bb:0,\u00bbbrushes_used\u00bb:0,\u00bbphotos_added\u00bb:0,\u00bbtotal_editor_actions\u00bb:{},\u00bbtools_used\u00bb:{\u00abeffects\u00bb:1},\u00bbis_sticker\u00bb:false,\u00bbedited_since_last_sticker_save\u00bb:true,\u00bbcontainsFTESticker\u00bb:false}<\/figcaption><\/figure><\/li>\n<\/ul>\n","protected":false},"excerpt":{"rendered":"<p>La alegr\u00eda y la esperanza llegaron este fin de semana a los barrios de la capital, gracias a la entrega de juguetes organizada por el movimiento social \u201cRodando con la Comunidad\u201d, liderado por Luisina Mi\u00f1oso de Mej\u00eda. La actividad, que tuvo lugar en Manganagua, reuni\u00f3 a un grupo de voluntarios y miembros del movimiento, quienes [&hellip;]<\/p>\n","protected":false},"author":6,"featured_media":2507,"comment_status":"open","ping_status":"open","sticky":false,"template":"","format":"standard","meta":{"om_disable_all_campaigns":false,"_monsterinsights_skip_tracking":false,"_monsterinsights_sitenote_active":false,"_monsterinsights_sitenote_note":"","_monsterinsights_sitenote_category":0,"footnotes":""},"categories":[1],"tags":[],"class_list":{"0":"post-2506","1":"post","2":"type-post","3":"status-publish","4":"format-standard","5":"has-post-thumbnail","7":"category-nacionales"},"aioseo_notices":[],"_links":{"self":[{"href":"https:\/\/periodicolarepublica.com\/index.php\/wp-json\/wp\/v2\/posts\/2506","targetHints":{"allow":["GET"]}}],"collection":[{"href":"https:\/\/periodicolarepublica.com\/index.php\/wp-json\/wp\/v2\/posts"}],"about":[{"href":"https:\/\/periodicolarepublica.com\/index.php\/wp-json\/wp\/v2\/types\/post"}],"author":[{"embeddable":true,"href":"https:\/\/periodicolarepublica.com\/index.php\/wp-json\/wp\/v2\/users\/6"}],"replies":[{"embeddable":true,"href":"https:\/\/periodicolarepublica.com\/index.php\/wp-json\/wp\/v2\/comments?post=2506"}],"version-history":[{"count":1,"href":"https:\/\/periodicolarepublica.com\/index.php\/wp-json\/wp\/v2\/posts\/2506\/revisions"}],"predecessor-version":[{"id":2508,"href":"https:\/\/periodicolarepublica.com\/index.php\/wp-json\/wp\/v2\/posts\/2506\/revisions\/2508"}],"wp:featuredmedia":[{"embeddable":true,"href":"https:\/\/periodicolarepublica.com\/index.php\/wp-json\/wp\/v2\/media\/2507"}],"wp:attachment":[{"href":"https:\/\/periodicolarepublica.com\/index.php\/wp-json\/wp\/v2\/media?parent=2506"}],"wp:term":[{"taxonomy":"category","embeddable":true,"href":"https:\/\/periodicolarepublica.com\/index.php\/wp-json\/wp\/v2\/categories?post=2506"},{"taxonomy":"post_tag","embeddable":true,"href":"https:\/\/periodicolarepublica.com\/index.php\/wp-json\/wp\/v2\/tags?post=2506"}],"curies":[{"name":"wp","href":"https:\/\/api.w.org\/{rel}","templated":true}]}}