{"id":2514,"date":"2025-01-15T18:36:50","date_gmt":"2025-01-15T17:36:50","guid":{"rendered":"https:\/\/periodicolarepublica.com\/?p=2514"},"modified":"2025-01-15T18:36:50","modified_gmt":"2025-01-15T17:36:50","slug":"ministerio-de-salud-publica-clausura-cemekar-plass-y-un-consultorio-medico-por-incumplir-la-ley-42-01-y-otras-normativas","status":"publish","type":"post","link":"https:\/\/periodicolarepublica.com\/index.php\/2025\/01\/15\/ministerio-de-salud-publica-clausura-cemekar-plass-y-un-consultorio-medico-por-incumplir-la-ley-42-01-y-otras-normativas\/","title":{"rendered":"Ministerio de Salud P\u00fablica clausura Cemekar  Plass y un consultorio m\u00e9dico por incumplir la ley 42-01 y otras normativas"},"content":{"rendered":"\r\n<p><img loading=\"lazy\" decoding=\"async\" class=\"size-medium wp-image-2519 alignright\" src=\"https:\/\/periodicolarepublica.com\/wp-content\/uploads\/2025\/01\/IMG-20250115-WA0055-169x300.jpg\" alt=\"\" width=\"169\" height=\"300\" srcset=\"https:\/\/periodicolarepublica.com\/wp-content\/uploads\/2025\/01\/IMG-20250115-WA0055-169x300.jpg?v=1736962592 169w, https:\/\/periodicolarepublica.com\/wp-content\/uploads\/2025\/01\/IMG-20250115-WA0055-576x1024.jpg?v=1736962592 576w, https:\/\/periodicolarepublica.com\/wp-content\/uploads\/2025\/01\/IMG-20250115-WA0055-768x1365.jpg?v=1736962592 768w, https:\/\/periodicolarepublica.com\/wp-content\/uploads\/2025\/01\/IMG-20250115-WA0055-864x1536.jpg?v=1736962592 864w, https:\/\/periodicolarepublica.com\/wp-content\/uploads\/2025\/01\/IMG-20250115-WA0055-150x267.jpg?v=1736962592 150w, https:\/\/periodicolarepublica.com\/wp-content\/uploads\/2025\/01\/IMG-20250115-WA0055-300x533.jpg?v=1736962592 300w, https:\/\/periodicolarepublica.com\/wp-content\/uploads\/2025\/01\/IMG-20250115-WA0055-600x1067.jpg?v=1736962592 600w, https:\/\/periodicolarepublica.com\/wp-content\/uploads\/2025\/01\/IMG-20250115-WA0055-696x1237.jpg?v=1736962592 696w, https:\/\/periodicolarepublica.com\/wp-content\/uploads\/2025\/01\/IMG-20250115-WA0055.jpg?v=1736962592 900w\" sizes=\"auto, (max-width: 169px) 100vw, 169px\" \/>Santo Domingo R.D.- El Ministerio de Salud P\u00fablica (MSP), a trav\u00e9s de la Direcci\u00f3n General de Habilitaci\u00f3n y Acreditaci\u00f3n, orden\u00f3 el cierre inmediato del centro de consultas y cirug\u00eda pl\u00e1stica Cemekar Plass por incumplir la Ley General de Salud 42-01 y el Reglamento 1138-03 de Habilitaci\u00f3n y Acreditaci\u00f3n.<br \/><br \/>Durante inspecciones realizadas por personal acreditado del MSP, se detectaron irregularidades que representan riesgos significativos para la salud de los usuarios y empleados, en violaci\u00f3n de las normas establecidas para el correcto funcionamiento de este tipo de establecimientos.<br \/><br \/>Asimismo, se procedi\u00f3 al cierre del consultorio del doctor Andino Grull\u00f3n, ubicado en Gazcue, quien no contaba con la habilitaci\u00f3n correspondiente y los avales m\u00e9dicos para los servicios que ofrec\u00eda. <br \/><br \/>En 2021, la Direcci\u00f3n de Habilitaci\u00f3n realiz\u00f3 una inspecci\u00f3n a Cemekar Plass, entonces ubicado en la Avenida Independencia, en el Distrito Nacional. En ese momento se comprob\u00f3 que el centro operaba sin licencia de habilitaci\u00f3n y que los equipos m\u00e9dicos no estaban en condiciones \u00f3ptimas para su uso, adem\u00e1s, carec\u00eda de espacios adecuados para procedimientos como sala de cirug\u00eda, \u00e1rea de emergencia, oficinas administrativas, cocina y toma de muestras de laboratorio, y los medicamentos y utensilios quir\u00fargicos no se almacenaban de manera apropiada, por lo que de inmediato fue cerrado y nunca se le dio la habilitaci\u00f3n para su apertura.<br \/><br \/>Actualmente, el centro operaba en una nueva ubicaci\u00f3n, en la calle Club de Leones, Santo Domingo Este, sin la habilitaci\u00f3n correspondiente, por lo que fue clausurado nuevamente.<br \/><br \/>Adem\u00e1s, el centro no cumpl\u00eda con los requisitos de bioseguridad adecuados para el manejo de desechos hospitalarios y toma de muestras.<br \/><br \/>El MSP se\u00f1al\u00f3 que la clausura persistir\u00e1 hasta que los responsables del centro cumplan con las normas de habilitaci\u00f3n y los requisitos legales establecidos por la Ley General de Salud 42-01 y el Reglamento 1138-03 de Habilitaci\u00f3n.<br \/><br \/>Las normativas que rigen el Sistema Nacional de Salud (SNS) y el Sistema Dominicano de Seguridad Social (SDSS) exigen que los prestadores de servicios de salud cumplan con los requerimientos m\u00ednimos para brindar atenci\u00f3n a los usuarios con calidad, confiabilidad, continuidad y eficiencia, seg\u00fan sus necesidades de salud.<br \/><br \/>La habilitaci\u00f3n constituye la puerta de entrada a la garant\u00eda de la calidad de los servicios brindados, asegurando que los proveedores, seg\u00fan su nivel de complejidad, est\u00e9n dotados de los recursos humanos, f\u00edsicos y materiales necesarios para atender las demandas de los usuarios, tanto internos como externos.<\/p>\r\n","protected":false},"excerpt":{"rendered":"<p>Santo Domingo R.D.- El Ministerio de Salud P\u00fablica (MSP), a trav\u00e9s de la Direcci\u00f3n General de Habilitaci\u00f3n y Acreditaci\u00f3n, orden\u00f3 el cierre inmediato del centro de consultas y cirug\u00eda pl\u00e1stica Cemekar Plass por incumplir la Ley General de Salud 42-01 y el Reglamento 1138-03 de Habilitaci\u00f3n y Acreditaci\u00f3n. Durante inspecciones realizadas por personal acreditado del [&hellip;]<\/p>\n","protected":false},"author":10,"featured_media":2519,"comment_status":"open","ping_status":"open","sticky":false,"template":"","format":"standard","meta":{"om_disable_all_campaigns":false,"_monsterinsights_skip_tracking":false,"_monsterinsights_sitenote_active":false,"_monsterinsights_sitenote_note":"","_monsterinsights_sitenote_category":0,"footnotes":""},"categories":[1],"tags":[307],"class_list":{"0":"post-2514","1":"post","2":"type-post","3":"status-publish","4":"format-standard","5":"has-post-thumbnail","7":"category-nacionales","8":"tag-ministerio-de-salud-publica"},"aioseo_notices":[],"_links":{"self":[{"href":"https:\/\/periodicolarepublica.com\/index.php\/wp-json\/wp\/v2\/posts\/2514","targetHints":{"allow":["GET"]}}],"collection":[{"href":"https:\/\/periodicolarepublica.com\/index.php\/wp-json\/wp\/v2\/posts"}],"about":[{"href":"https:\/\/periodicolarepublica.com\/index.php\/wp-json\/wp\/v2\/types\/post"}],"author":[{"embeddable":true,"href":"https:\/\/periodicolarepublica.com\/index.php\/wp-json\/wp\/v2\/users\/10"}],"replies":[{"embeddable":true,"href":"https:\/\/periodicolarepublica.com\/index.php\/wp-json\/wp\/v2\/comments?post=2514"}],"version-history":[{"count":2,"href":"https:\/\/periodicolarepublica.com\/index.php\/wp-json\/wp\/v2\/posts\/2514\/revisions"}],"predecessor-version":[{"id":2520,"href":"https:\/\/periodicolarepublica.com\/index.php\/wp-json\/wp\/v2\/posts\/2514\/revisions\/2520"}],"wp:featuredmedia":[{"embeddable":true,"href":"https:\/\/periodicolarepublica.com\/index.php\/wp-json\/wp\/v2\/media\/2519"}],"wp:attachment":[{"href":"https:\/\/periodicolarepublica.com\/index.php\/wp-json\/wp\/v2\/media?parent=2514"}],"wp:term":[{"taxonomy":"category","embeddable":true,"href":"https:\/\/periodicolarepublica.com\/index.php\/wp-json\/wp\/v2\/categories?post=2514"},{"taxonomy":"post_tag","embeddable":true,"href":"https:\/\/periodicolarepublica.com\/index.php\/wp-json\/wp\/v2\/tags?post=2514"}],"curies":[{"name":"wp","href":"https:\/\/api.w.org\/{rel}","templated":true}]}}