{"id":2524,"date":"2025-01-16T16:40:26","date_gmt":"2025-01-16T15:40:26","guid":{"rendered":"https:\/\/periodicolarepublica.com\/?p=2524"},"modified":"2025-01-16T16:41:20","modified_gmt":"2025-01-16T15:41:20","slug":"yiyo-sarante-estrena-su-nuevo-tema-ella-me-busca-y-anuncia-gira-por-europa","status":"publish","type":"post","link":"https:\/\/periodicolarepublica.com\/index.php\/2025\/01\/16\/yiyo-sarante-estrena-su-nuevo-tema-ella-me-busca-y-anuncia-gira-por-europa\/","title":{"rendered":"Yiyo Sarante Estrena su nuevo tema \u00abElla Me Busca\u00bb y anuncia gira por Europa"},"content":{"rendered":"<p>El reconocido salsero Yiyo Sarante ha lanzado su nuevo tema titulado \u00abElla Me Busca\u00bb, una canci\u00f3n que promete seguir la estela de \u00e9xitos que lo han consolidado como uno de los artistas m\u00e1s importantes de la salsa en la actualidad. Con una propuesta musical fresca y una letra cargada de sentimiento, el int\u00e9rprete espera que esta nueva producci\u00f3n conecte con su p\u00fablico de la misma manera que lo hicieron sus anteriores \u00e9xitos. La canci\u00f3n ya se encuentra disponible en todas las plataformas digitales, estaciones de radio y promete convertirse en un \u00e9xito rotundo.<\/p>\n<p><img loading=\"lazy\" decoding=\"async\" class=\"alignnone size-medium wp-image-2526\" src=\"https:\/\/periodicolarepublica.com\/wp-content\/uploads\/2025\/01\/IMG-20250116-WA00391-300x300.jpg\" alt=\"\" width=\"300\" height=\"300\" srcset=\"https:\/\/periodicolarepublica.com\/wp-content\/uploads\/2025\/01\/IMG-20250116-WA00391-300x300.jpg?v=1737042019 300w, https:\/\/periodicolarepublica.com\/wp-content\/uploads\/2025\/01\/IMG-20250116-WA00391-1024x1024.jpg?v=1737042019 1024w, https:\/\/periodicolarepublica.com\/wp-content\/uploads\/2025\/01\/IMG-20250116-WA00391-150x150.jpg?v=1737042019 150w, https:\/\/periodicolarepublica.com\/wp-content\/uploads\/2025\/01\/IMG-20250116-WA00391-768x768.jpg?v=1737042019 768w, https:\/\/periodicolarepublica.com\/wp-content\/uploads\/2025\/01\/IMG-20250116-WA00391-1536x1536.jpg?v=1737042019 1536w, https:\/\/periodicolarepublica.com\/wp-content\/uploads\/2025\/01\/IMG-20250116-WA00391-600x600.jpg?v=1737042019 600w, https:\/\/periodicolarepublica.com\/wp-content\/uploads\/2025\/01\/IMG-20250116-WA00391-696x696.jpg?v=1737042019 696w, https:\/\/periodicolarepublica.com\/wp-content\/uploads\/2025\/01\/IMG-20250116-WA00391-1392x1392.jpg?v=1737042019 1392w, https:\/\/periodicolarepublica.com\/wp-content\/uploads\/2025\/01\/IMG-20250116-WA00391-1068x1068.jpg?v=1737042019 1068w, https:\/\/periodicolarepublica.com\/wp-content\/uploads\/2025\/01\/IMG-20250116-WA00391.jpg?v=1737042019 1600w\" sizes=\"auto, (max-width: 300px) 100vw, 300px\" \/><\/p>\n<p>&nbsp;<\/p>\n<p>El tema, que fusiona elementos cl\u00e1sicos de la salsa con un toque moderno, busca resonar con todos aquellos que disfrutan del ritmo contagioso y las letras emotivas caracter\u00edsticas del g\u00e9nero. Yiyo Sarante ha demostrado una y otra vez su capacidad para mantenerse vigente en la industria, y con \u00abElla Me Busca\u00bb, el artista espera continuar cautivando a sus seguidores. Esta nueva entrega musical est\u00e1 llena de la pasi\u00f3n y energ\u00eda que lo han caracterizado a lo largo de su carrera.<\/p>\n<p>&nbsp;<\/p>\n<p>Adem\u00e1s del estreno de su tema, el cantante estar\u00e1 de gira por Europa el pr\u00f3ximo mes de febrero, en su tour, Yiyo Sarante visitar\u00e1 varias ciudades del continente europeo, llevando su inconfundible salsa a los escenarios m\u00e1s importantes. Con su estilo \u00fanico y su carisma en el escenario, el artista promete ofrecer presentaciones memorables que quedar\u00e1n grabadas en la memoria de su p\u00fablico<\/p>\n<p>&nbsp;<\/p>\n<p>Con el tema \u00abElla Me Busca\u00bb, el artista tiene altas expectativas de seguir cosechando \u00e9xitos y consolidar a\u00fan m\u00e1s su carrera, siempre con la esperanza de que sus seguidores sigan disfrutando de su talento en cada uno de sus proyectos.<\/p>\n","protected":false},"excerpt":{"rendered":"<p>El reconocido salsero Yiyo Sarante ha lanzado su nuevo tema titulado \u00abElla Me Busca\u00bb, una canci\u00f3n que promete seguir la estela de \u00e9xitos que lo han consolidado como uno de los artistas m\u00e1s importantes de la salsa en la actualidad. Con una propuesta musical fresca y una letra cargada de sentimiento, el int\u00e9rprete espera que [&hellip;]<\/p>\n","protected":false},"author":6,"featured_media":2526,"comment_status":"open","ping_status":"open","sticky":false,"template":"","format":"standard","meta":{"om_disable_all_campaigns":false,"_monsterinsights_skip_tracking":false,"_monsterinsights_sitenote_active":false,"_monsterinsights_sitenote_note":"","_monsterinsights_sitenote_category":0,"footnotes":""},"categories":[1],"tags":[],"class_list":{"0":"post-2524","1":"post","2":"type-post","3":"status-publish","4":"format-standard","5":"has-post-thumbnail","7":"category-nacionales"},"aioseo_notices":[],"_links":{"self":[{"href":"https:\/\/periodicolarepublica.com\/index.php\/wp-json\/wp\/v2\/posts\/2524","targetHints":{"allow":["GET"]}}],"collection":[{"href":"https:\/\/periodicolarepublica.com\/index.php\/wp-json\/wp\/v2\/posts"}],"about":[{"href":"https:\/\/periodicolarepublica.com\/index.php\/wp-json\/wp\/v2\/types\/post"}],"author":[{"embeddable":true,"href":"https:\/\/periodicolarepublica.com\/index.php\/wp-json\/wp\/v2\/users\/6"}],"replies":[{"embeddable":true,"href":"https:\/\/periodicolarepublica.com\/index.php\/wp-json\/wp\/v2\/comments?post=2524"}],"version-history":[{"count":1,"href":"https:\/\/periodicolarepublica.com\/index.php\/wp-json\/wp\/v2\/posts\/2524\/revisions"}],"predecessor-version":[{"id":2527,"href":"https:\/\/periodicolarepublica.com\/index.php\/wp-json\/wp\/v2\/posts\/2524\/revisions\/2527"}],"wp:featuredmedia":[{"embeddable":true,"href":"https:\/\/periodicolarepublica.com\/index.php\/wp-json\/wp\/v2\/media\/2526"}],"wp:attachment":[{"href":"https:\/\/periodicolarepublica.com\/index.php\/wp-json\/wp\/v2\/media?parent=2524"}],"wp:term":[{"taxonomy":"category","embeddable":true,"href":"https:\/\/periodicolarepublica.com\/index.php\/wp-json\/wp\/v2\/categories?post=2524"},{"taxonomy":"post_tag","embeddable":true,"href":"https:\/\/periodicolarepublica.com\/index.php\/wp-json\/wp\/v2\/tags?post=2524"}],"curies":[{"name":"wp","href":"https:\/\/api.w.org\/{rel}","templated":true}]}}