{"id":2530,"date":"2025-01-17T13:10:23","date_gmt":"2025-01-17T12:10:23","guid":{"rendered":"https:\/\/periodicolarepublica.com\/?p=2530"},"modified":"2025-01-17T13:10:23","modified_gmt":"2025-01-17T12:10:23","slug":"tomas-hernandez-alberto-reconoce-el-liderazgo-del-presidente-luis-abinader-en-el-caso-de-venezuela","status":"publish","type":"post","link":"https:\/\/periodicolarepublica.com\/index.php\/2025\/01\/17\/tomas-hernandez-alberto-reconoce-el-liderazgo-del-presidente-luis-abinader-en-el-caso-de-venezuela\/","title":{"rendered":"Tom\u00e1s Hern\u00e1ndez Alberto Reconoce el Liderazgo del Presidente Luis Abinader en el Caso de Venezuela"},"content":{"rendered":"\r\n<p><img loading=\"lazy\" decoding=\"async\" class=\"size-medium wp-image-2534 alignright\" src=\"https:\/\/periodicolarepublica.com\/wp-content\/uploads\/2025\/01\/@mananerord-1-240x300.jpg\" alt=\"\" width=\"240\" height=\"300\" srcset=\"https:\/\/periodicolarepublica.com\/wp-content\/uploads\/2025\/01\/@mananerord-1-240x300.jpg?v=1737115798 240w, https:\/\/periodicolarepublica.com\/wp-content\/uploads\/2025\/01\/@mananerord-1-819x1024.jpg?v=1737115798 819w, https:\/\/periodicolarepublica.com\/wp-content\/uploads\/2025\/01\/@mananerord-1-768x960.jpg?v=1737115798 768w, https:\/\/periodicolarepublica.com\/wp-content\/uploads\/2025\/01\/@mananerord-1-150x188.jpg?v=1737115798 150w, https:\/\/periodicolarepublica.com\/wp-content\/uploads\/2025\/01\/@mananerord-1-300x375.jpg?v=1737115798 300w, https:\/\/periodicolarepublica.com\/wp-content\/uploads\/2025\/01\/@mananerord-1-600x750.jpg?v=1737115798 600w, https:\/\/periodicolarepublica.com\/wp-content\/uploads\/2025\/01\/@mananerord-1-696x870.jpg?v=1737115798 696w, https:\/\/periodicolarepublica.com\/wp-content\/uploads\/2025\/01\/@mananerord-1-1068x1335.jpg?v=1737115798 1068w, https:\/\/periodicolarepublica.com\/wp-content\/uploads\/2025\/01\/@mananerord-1.jpg?v=1737115798 1080w\" sizes=\"auto, (max-width: 240px) 100vw, 240px\" \/>Santo Domingo, \u2013 El ingeniero Tom\u00e1s Hern\u00e1ndez Alberto, presidente del Movimiento Poder P&#8217;AL Pueblo, particip\u00f3 recientemente en el popular programa Luisin Jimenez Podcast, donde comparti\u00f3 sus pensamientos sobre el liderazgo del presidente Luis Abinader en relaci\u00f3n con la situaci\u00f3n en Venezuela. <br \/><br \/>Durante la entrevista, Hern\u00e1ndez Alberto comenz\u00f3 expresando su reconocimiento al presidente Abinader. \u00abEs importante felicitar al presidente Luis Abinader por el liderazgo que ha demostrado. Le env\u00edo esta felicitaci\u00f3n, ya que su participaci\u00f3n en el caso de Venezuela ha sido extraordinaria\u00bb, afirm\u00f3.<br \/><br \/>El ingeniero destac\u00f3 que la postura del presidente no solo refleja su compromiso, sino que tambi\u00e9n representa el sentir de una gran mayor\u00eda de la poblaci\u00f3n dominicana. \u00ab\u00c9l represent\u00f3 el sentimiento de m\u00e1s del 90% de los dominicanos\u00bb, asegur\u00f3, a\u00f1adiendo que otros l\u00edderes pol\u00edticos que podr\u00edan haberse sumado a esta causa no lo hicieron.<br \/><br \/>Hern\u00e1ndez Alberto subray\u00f3 que el apoyo a Venezuela es una obligaci\u00f3n \u00e9tica y moral. \u00abEsa era una obligaci\u00f3n del presidente que cumpli\u00f3 a plenitud\u00bb, coment\u00f3, enfatizando la importancia de la solidaridad entre naciones hermanas.<br \/><br \/>\u00abM\u00e1s tarde o m\u00e1s temprano, el pueblo le va a pasar factura a aquellos que no act\u00faan en consecuencia\u00bb, advirti\u00f3. Esta afirmaci\u00f3n refleja la profunda conexi\u00f3n que muchos dominicanos sienten hacia Venezuela, que consideran como una \u00abhermana siamesa\u00bb.<br \/><br \/>El ingeniero tambi\u00e9n record\u00f3 el impacto hist\u00f3rico y cultural que Venezuela ha tenido en la Rep\u00fablica Dominicana. \u00abLa Rep\u00fablica Dominicana ha recibido mucho de Venezuela, y es nuestro deber retribuir ese apoyo en momentos de necesidad\u00bb, dijo.<br \/><br \/>La participaci\u00f3n de Hern\u00e1ndez Alberto en el programa ha generado un amplio debate sobre la responsabilidad de los l\u00edderes pol\u00edticos en el contexto internacional y la importancia de la solidaridad entre los pueblos.<br \/><br \/>El Movimiento Poder P&#8217;AL Pueblo contin\u00faa abogando por una pol\u00edtica que priorice el bienestar de la poblaci\u00f3n dominicana y la estrecha relaci\u00f3n con naciones vecinas. \u00abEs fundamental que nuestros l\u00edderes act\u00faen con valent\u00eda y compromiso\u00bb, concluy\u00f3.<\/p>\r\n","protected":false},"excerpt":{"rendered":"<p>Santo Domingo, \u2013 El ingeniero Tom\u00e1s Hern\u00e1ndez Alberto, presidente del Movimiento Poder P&#8217;AL Pueblo, particip\u00f3 recientemente en el popular programa Luisin Jimenez Podcast, donde comparti\u00f3 sus pensamientos sobre el liderazgo del presidente Luis Abinader en relaci\u00f3n con la situaci\u00f3n en Venezuela. Durante la entrevista, Hern\u00e1ndez Alberto comenz\u00f3 expresando su reconocimiento al presidente Abinader. \u00abEs importante [&hellip;]<\/p>\n","protected":false},"author":10,"featured_media":2534,"comment_status":"open","ping_status":"open","sticky":false,"template":"","format":"standard","meta":{"om_disable_all_campaigns":false,"_monsterinsights_skip_tracking":false,"_monsterinsights_sitenote_active":false,"_monsterinsights_sitenote_note":"","_monsterinsights_sitenote_category":0,"footnotes":""},"categories":[1],"tags":[163],"class_list":{"0":"post-2530","1":"post","2":"type-post","3":"status-publish","4":"format-standard","5":"has-post-thumbnail","7":"category-nacionales","8":"tag-tomas-hernandez-alberto"},"aioseo_notices":[],"_links":{"self":[{"href":"https:\/\/periodicolarepublica.com\/index.php\/wp-json\/wp\/v2\/posts\/2530","targetHints":{"allow":["GET"]}}],"collection":[{"href":"https:\/\/periodicolarepublica.com\/index.php\/wp-json\/wp\/v2\/posts"}],"about":[{"href":"https:\/\/periodicolarepublica.com\/index.php\/wp-json\/wp\/v2\/types\/post"}],"author":[{"embeddable":true,"href":"https:\/\/periodicolarepublica.com\/index.php\/wp-json\/wp\/v2\/users\/10"}],"replies":[{"embeddable":true,"href":"https:\/\/periodicolarepublica.com\/index.php\/wp-json\/wp\/v2\/comments?post=2530"}],"version-history":[{"count":2,"href":"https:\/\/periodicolarepublica.com\/index.php\/wp-json\/wp\/v2\/posts\/2530\/revisions"}],"predecessor-version":[{"id":2535,"href":"https:\/\/periodicolarepublica.com\/index.php\/wp-json\/wp\/v2\/posts\/2530\/revisions\/2535"}],"wp:featuredmedia":[{"embeddable":true,"href":"https:\/\/periodicolarepublica.com\/index.php\/wp-json\/wp\/v2\/media\/2534"}],"wp:attachment":[{"href":"https:\/\/periodicolarepublica.com\/index.php\/wp-json\/wp\/v2\/media?parent=2530"}],"wp:term":[{"taxonomy":"category","embeddable":true,"href":"https:\/\/periodicolarepublica.com\/index.php\/wp-json\/wp\/v2\/categories?post=2530"},{"taxonomy":"post_tag","embeddable":true,"href":"https:\/\/periodicolarepublica.com\/index.php\/wp-json\/wp\/v2\/tags?post=2530"}],"curies":[{"name":"wp","href":"https:\/\/api.w.org\/{rel}","templated":true}]}}