{"id":2537,"date":"2025-01-21T03:15:21","date_gmt":"2025-01-21T02:15:21","guid":{"rendered":"https:\/\/periodicolarepublica.com\/?p=2537"},"modified":"2025-01-21T03:15:21","modified_gmt":"2025-01-21T02:15:21","slug":"hanfiel-polanco-destaca-el-trabajo-del-ministro-de-salud-publica-dr-victor-atallah","status":"publish","type":"post","link":"https:\/\/periodicolarepublica.com\/index.php\/2025\/01\/21\/hanfiel-polanco-destaca-el-trabajo-del-ministro-de-salud-publica-dr-victor-atallah\/","title":{"rendered":"Hanfiel Polanco Destaca el Trabajo del Ministro de Salud P\u00fablica, Dr. V\u00edctor Atallah"},"content":{"rendered":"\r\n<p>Santo Domingo- El comunicador Hanfiel Polanco, del programa La Rep\u00fablica TV, que se transmite por la plataforma del Nuevo Diario TV, elogi\u00f3 al Ministro de Salud P\u00fablica, Dr. V\u00edctor Atallah, por su destacado desempe\u00f1o en el ministerio. Polanco subray\u00f3 las cualidades del Dr. Atallah como un servidor p\u00fablico comprometido, cuya labor ha transformado las pol\u00edticas de salud en el pa\u00eds.<br \/><img loading=\"lazy\" decoding=\"async\" class=\"size-medium wp-image-2541 alignright\" src=\"https:\/\/periodicolarepublica.com\/wp-content\/uploads\/2025\/01\/20250120_221321-300x176.jpg\" alt=\"\" width=\"300\" height=\"176\" srcset=\"https:\/\/periodicolarepublica.com\/wp-content\/uploads\/2025\/01\/20250120_221321-300x176.jpg?v=1737425700 300w, https:\/\/periodicolarepublica.com\/wp-content\/uploads\/2025\/01\/20250120_221321-150x88.jpg?v=1737425700 150w, https:\/\/periodicolarepublica.com\/wp-content\/uploads\/2025\/01\/20250120_221321-600x353.jpg?v=1737425700 600w, https:\/\/periodicolarepublica.com\/wp-content\/uploads\/2025\/01\/20250120_221321.jpg?v=1737425700 692w\" sizes=\"auto, (max-width: 300px) 100vw, 300px\" \/><br \/>\u00abFelicito al Ministro V\u00edctor Atallah, un hombre dedicado que ha llevado la salud p\u00fablica a otro rengl\u00f3n. Su trabajo ha sido fundamental para establecer una pol\u00edtica de salud eficiente y acorde a nuestros tiempos, especialmente en el \u00e1mbito de la salud mental\u00bb, afirm\u00f3 Polanco.<br \/><br \/>El comunicador tambi\u00e9n destac\u00f3 la exitosa Campa\u00f1a del Dengue, que ha demostrado la capacidad del ministerio para movilizar a la ciudadan\u00eda. \u00abHemos visto un ministerio que va a la gente, y los resultados hablan por s\u00ed mismos. Los indicadores de dengue han mejorado notablemente en comparaci\u00f3n con a\u00f1os anteriores\u00bb, agreg\u00f3.<br \/><br \/>Polanco enfatiz\u00f3 que el Dr. Atallah ha demostrado que la funci\u00f3n p\u00fablica, cuando se ejerce con \u00e9tica e integridad, puede generar un impacto positivo en la sociedad. \u00abSu administraci\u00f3n es un ejemplo de c\u00f3mo los valores y principios en la funci\u00f3n p\u00fablica pueden transformar vidas\u00bb, concluy\u00f3.<br \/><br \/>Adem\u00e1s, se mencion\u00f3 un importante acuerdo firmado en presencia del empresario Corripio, que busca fortalecer la oncolog\u00eda en Cedimat y en la Plaza de la Salud, reafirmando el compromiso del ministro con la mejora continua de los servicios de salud.<\/p>\r\n","protected":false},"excerpt":{"rendered":"<p>Santo Domingo- El comunicador Hanfiel Polanco, del programa La Rep\u00fablica TV, que se transmite por la plataforma del Nuevo Diario TV, elogi\u00f3 al Ministro de Salud P\u00fablica, Dr. V\u00edctor Atallah, por su destacado desempe\u00f1o en el ministerio. Polanco subray\u00f3 las cualidades del Dr. Atallah como un servidor p\u00fablico comprometido, cuya labor ha transformado las pol\u00edticas [&hellip;]<\/p>\n","protected":false},"author":10,"featured_media":2541,"comment_status":"open","ping_status":"open","sticky":false,"template":"","format":"standard","meta":{"om_disable_all_campaigns":false,"_monsterinsights_skip_tracking":false,"_monsterinsights_sitenote_active":false,"_monsterinsights_sitenote_note":"","_monsterinsights_sitenote_category":0,"footnotes":""},"categories":[1],"tags":[161],"class_list":{"0":"post-2537","1":"post","2":"type-post","3":"status-publish","4":"format-standard","5":"has-post-thumbnail","7":"category-nacionales","8":"tag-victor-atallah"},"aioseo_notices":[],"_links":{"self":[{"href":"https:\/\/periodicolarepublica.com\/index.php\/wp-json\/wp\/v2\/posts\/2537","targetHints":{"allow":["GET"]}}],"collection":[{"href":"https:\/\/periodicolarepublica.com\/index.php\/wp-json\/wp\/v2\/posts"}],"about":[{"href":"https:\/\/periodicolarepublica.com\/index.php\/wp-json\/wp\/v2\/types\/post"}],"author":[{"embeddable":true,"href":"https:\/\/periodicolarepublica.com\/index.php\/wp-json\/wp\/v2\/users\/10"}],"replies":[{"embeddable":true,"href":"https:\/\/periodicolarepublica.com\/index.php\/wp-json\/wp\/v2\/comments?post=2537"}],"version-history":[{"count":2,"href":"https:\/\/periodicolarepublica.com\/index.php\/wp-json\/wp\/v2\/posts\/2537\/revisions"}],"predecessor-version":[{"id":2542,"href":"https:\/\/periodicolarepublica.com\/index.php\/wp-json\/wp\/v2\/posts\/2537\/revisions\/2542"}],"wp:featuredmedia":[{"embeddable":true,"href":"https:\/\/periodicolarepublica.com\/index.php\/wp-json\/wp\/v2\/media\/2541"}],"wp:attachment":[{"href":"https:\/\/periodicolarepublica.com\/index.php\/wp-json\/wp\/v2\/media?parent=2537"}],"wp:term":[{"taxonomy":"category","embeddable":true,"href":"https:\/\/periodicolarepublica.com\/index.php\/wp-json\/wp\/v2\/categories?post=2537"},{"taxonomy":"post_tag","embeddable":true,"href":"https:\/\/periodicolarepublica.com\/index.php\/wp-json\/wp\/v2\/tags?post=2537"}],"curies":[{"name":"wp","href":"https:\/\/api.w.org\/{rel}","templated":true}]}}