{"id":2544,"date":"2025-01-23T22:37:31","date_gmt":"2025-01-23T21:37:31","guid":{"rendered":"https:\/\/periodicolarepublica.com\/?p=2544"},"modified":"2025-01-23T22:37:31","modified_gmt":"2025-01-23T21:37:31","slug":"dr-victor-atallah-reforzamos-las-acciones-para-fortalecer-la-atencion-en-salud-mental-en-el-pais","status":"publish","type":"post","link":"https:\/\/periodicolarepublica.com\/index.php\/2025\/01\/23\/dr-victor-atallah-reforzamos-las-acciones-para-fortalecer-la-atencion-en-salud-mental-en-el-pais\/","title":{"rendered":"Dr. V\u00edctor Atallah:  \u00abReforzamos las acciones para fortalecer la atenci\u00f3n en salud mental en el pa\u00eds\u00bb"},"content":{"rendered":"\r\n<p>Enfermedades de notificaci\u00f3n obligatoria contin\u00faan bajo control, seg\u00fan Bolet\u00edn Epidemiol\u00f3gico de la SE-02<br \/><br \/>Santo Domingo. -El ministro de Salud, V\u00edctor Atallah resalt\u00f3 este jueves que con decisi\u00f3n y compromiso enfrentar\u00e1n el desaf\u00edo que implica la salud mental en el pa\u00eds, por lo que, en el presente a\u00f1o, reforzar\u00e1n las acciones para prevenir principalmente la depresi\u00f3n que representa las principelas casos reportados en 2024, de acuerdo a datos del Centro de Contacto \u201cCuida tu salud mental\u201d.<br \/><img loading=\"lazy\" decoding=\"async\" class=\"size-medium wp-image-2549 alignright\" src=\"https:\/\/periodicolarepublica.com\/wp-content\/uploads\/2025\/01\/l-diagnostico-y-tratamiento-de-300x200.jpg\" alt=\"\" width=\"300\" height=\"200\" srcset=\"https:\/\/periodicolarepublica.com\/wp-content\/uploads\/2025\/01\/l-diagnostico-y-tratamiento-de-300x200.jpg?v=1737668233 300w, https:\/\/periodicolarepublica.com\/wp-content\/uploads\/2025\/01\/l-diagnostico-y-tratamiento-de-1024x683.jpg?v=1737668233 1024w, https:\/\/periodicolarepublica.com\/wp-content\/uploads\/2025\/01\/l-diagnostico-y-tratamiento-de-768x512.jpg?v=1737668233 768w, https:\/\/periodicolarepublica.com\/wp-content\/uploads\/2025\/01\/l-diagnostico-y-tratamiento-de-150x100.jpg?v=1737668233 150w, https:\/\/periodicolarepublica.com\/wp-content\/uploads\/2025\/01\/l-diagnostico-y-tratamiento-de-600x400.jpg?v=1737668233 600w, https:\/\/periodicolarepublica.com\/wp-content\/uploads\/2025\/01\/l-diagnostico-y-tratamiento-de-696x464.jpg?v=1737668233 696w, https:\/\/periodicolarepublica.com\/wp-content\/uploads\/2025\/01\/l-diagnostico-y-tratamiento-de-1068x712.jpg?v=1737668233 1068w, https:\/\/periodicolarepublica.com\/wp-content\/uploads\/2025\/01\/l-diagnostico-y-tratamiento-de.jpg?v=1737668233 1080w\" sizes=\"auto, (max-width: 300px) 100vw, 300px\" \/><br \/>Esta informaci\u00f3n se destaca como tema principal en el Bolet\u00edn Epidemiol\u00f3gico correspondiente a la Semana SE-02, el cual indica que, en el 2024, a trav\u00e9s del Centro de Contacto se recibieron un total 303 casos de depresi\u00f3n de las 2,136 atenciones de Primera Ayuda Psicol\u00f3gica (PAPs), representando esto 14.2% de las llamadas realizadas por los usuarios que demandaron la atenci\u00f3n.<br \/><br \/>El MSP recuerda que los ciudadanos cuentan con el \u201cCentro de Contacto, Cuida tu Salud Mental\u201d, que ofrece orientaci\u00f3n, consulta y acceso a servicios de salud mental, conjuntamente con las Unidades de Atenci\u00f3n de Salud Mental.<br \/><br \/>Precisa, que este centro brinda a la ciudadan\u00eda el servicio teledirigido de primera ayuda psicol\u00f3gica (PAP) con el prop\u00f3sito de mitigar situaciones de crisis en salud mental, como complemento de la estrategia de la red program\u00e1tica de Salud Mental desarrollada por el Ministerio de Salud.<br \/><br \/>\u201cResulta urgente fortalecer las pol\u00edticas p\u00fablicas orientadas a la prevenci\u00f3n, diagn\u00f3stico y tratamiento de los trastornos mentales.<br \/>Esto incluye campa\u00f1as de sensibilizaci\u00f3n para combatir el estigma, capacitaci\u00f3n de personal sanitario especializado, y una inversi\u00f3n m\u00e1s equitativa y sostenida en recursos y programas comunitarios. Estamos trabajando para alcanzar estas metas\u201d, dijo el titular de Salud <br \/><br \/>*Bolet\u00edn Epidemiol\u00f3gico Nacional SE-02*<br \/><br \/>El organismo de Salud destaca que contin\u00faan bajo control enfermedades prevenibles por vacuna como son: polio, rub\u00e9ola, sarampi\u00f3n, t\u00e9tanos y tosferina, con incidencias menores al 0 %. En la Semana Epidemiol\u00f3gica 02, no se han reportado casos de c\u00f3lera, leptospirosis ni COVD-19.<br \/><br \/>Mientras que se reportaron 2 casos confirmados de dengue y 9 casos de malaria.<br \/><br \/>*Muertes maternas e infantiles*<br \/><br \/>En cuanto a las muertes maternas se contabiliza un caso, correspondiente a una mujer de nacionalidad haitiana. A la fecha el pasado a\u00f1o se hab\u00edan reportado 6 defunciones, lo que refleja una disminuci\u00f3n en estos indicadores.<\/p>\r\n","protected":false},"excerpt":{"rendered":"<p>Enfermedades de notificaci\u00f3n obligatoria contin\u00faan bajo control, seg\u00fan Bolet\u00edn Epidemiol\u00f3gico de la SE-02 Santo Domingo. -El ministro de Salud, V\u00edctor Atallah resalt\u00f3 este jueves que con decisi\u00f3n y compromiso enfrentar\u00e1n el desaf\u00edo que implica la salud mental en el pa\u00eds, por lo que, en el presente a\u00f1o, reforzar\u00e1n las acciones para prevenir principalmente la depresi\u00f3n [&hellip;]<\/p>\n","protected":false},"author":10,"featured_media":2549,"comment_status":"open","ping_status":"open","sticky":false,"template":"","format":"standard","meta":{"om_disable_all_campaigns":false,"_monsterinsights_skip_tracking":false,"_monsterinsights_sitenote_active":false,"_monsterinsights_sitenote_note":"","_monsterinsights_sitenote_category":0,"footnotes":""},"categories":[1],"tags":[159],"class_list":{"0":"post-2544","1":"post","2":"type-post","3":"status-publish","4":"format-standard","5":"has-post-thumbnail","7":"category-nacionales","8":"tag-ministro-de-salud-publica-victor-atallah"},"aioseo_notices":[],"_links":{"self":[{"href":"https:\/\/periodicolarepublica.com\/index.php\/wp-json\/wp\/v2\/posts\/2544","targetHints":{"allow":["GET"]}}],"collection":[{"href":"https:\/\/periodicolarepublica.com\/index.php\/wp-json\/wp\/v2\/posts"}],"about":[{"href":"https:\/\/periodicolarepublica.com\/index.php\/wp-json\/wp\/v2\/types\/post"}],"author":[{"embeddable":true,"href":"https:\/\/periodicolarepublica.com\/index.php\/wp-json\/wp\/v2\/users\/10"}],"replies":[{"embeddable":true,"href":"https:\/\/periodicolarepublica.com\/index.php\/wp-json\/wp\/v2\/comments?post=2544"}],"version-history":[{"count":2,"href":"https:\/\/periodicolarepublica.com\/index.php\/wp-json\/wp\/v2\/posts\/2544\/revisions"}],"predecessor-version":[{"id":2550,"href":"https:\/\/periodicolarepublica.com\/index.php\/wp-json\/wp\/v2\/posts\/2544\/revisions\/2550"}],"wp:featuredmedia":[{"embeddable":true,"href":"https:\/\/periodicolarepublica.com\/index.php\/wp-json\/wp\/v2\/media\/2549"}],"wp:attachment":[{"href":"https:\/\/periodicolarepublica.com\/index.php\/wp-json\/wp\/v2\/media?parent=2544"}],"wp:term":[{"taxonomy":"category","embeddable":true,"href":"https:\/\/periodicolarepublica.com\/index.php\/wp-json\/wp\/v2\/categories?post=2544"},{"taxonomy":"post_tag","embeddable":true,"href":"https:\/\/periodicolarepublica.com\/index.php\/wp-json\/wp\/v2\/tags?post=2544"}],"curies":[{"name":"wp","href":"https:\/\/api.w.org\/{rel}","templated":true}]}}