{"id":2552,"date":"2025-01-25T17:52:37","date_gmt":"2025-01-25T16:52:37","guid":{"rendered":"https:\/\/periodicolarepublica.com\/?p=2552"},"modified":"2025-01-25T17:52:37","modified_gmt":"2025-01-25T16:52:37","slug":"tomas-hernandez-alberto-defiende-politica-social-del-gobierno","status":"publish","type":"post","link":"https:\/\/periodicolarepublica.com\/index.php\/2025\/01\/25\/tomas-hernandez-alberto-defiende-politica-social-del-gobierno\/","title":{"rendered":"Tom\u00e1s Hern\u00e1ndez Alberto defiende pol\u00edtica social del Gobierno"},"content":{"rendered":"\r\n<p>\u00a0<br \/>Santo Domingo, R.D.- El ingeniero Tom\u00e1s Hern\u00e1ndez Alberto, defendi\u00f3 la pol\u00edtica social implementada por el gobierno del presidente Luis Abinader, destacando los beneficios que esta ha tra\u00eddo al pueblo dominicano. <br \/><img loading=\"lazy\" decoding=\"async\" class=\"size-medium wp-image-2557 alignright\" src=\"https:\/\/periodicolarepublica.com\/wp-content\/uploads\/2025\/01\/FB_IMG_1705413389194-300x300.jpg\" alt=\"\" width=\"300\" height=\"300\" srcset=\"https:\/\/periodicolarepublica.com\/wp-content\/uploads\/2025\/01\/FB_IMG_1705413389194-300x300.jpg?v=1737823938 300w, https:\/\/periodicolarepublica.com\/wp-content\/uploads\/2025\/01\/FB_IMG_1705413389194-150x150.jpg?v=1737823938 150w, https:\/\/periodicolarepublica.com\/wp-content\/uploads\/2025\/01\/FB_IMG_1705413389194-600x600.jpg?v=1737823938 600w, https:\/\/periodicolarepublica.com\/wp-content\/uploads\/2025\/01\/FB_IMG_1705413389194-696x696.jpg?v=1737823938 696w, https:\/\/periodicolarepublica.com\/wp-content\/uploads\/2025\/01\/FB_IMG_1705413389194.jpg?v=1737823938 768w\" sizes=\"auto, (max-width: 300px) 100vw, 300px\" \/><br \/>Hern\u00e1ndez Alberto afirm\u00f3 que el Partido de la Liberaci\u00f3n Dominicana (PLD) carece de credibilidad debido a su gesti\u00f3n de 20 a\u00f1os, marcada por la corrupci\u00f3n y la falta de pol\u00edticas sociales efectivas.<br \/>\u00a0<br \/>Sbray\u00f3 que, a diferencia de la administraci\u00f3n del PLD, el actual gobierno ha priorizado el bienestar de los ciudadanos. <br \/>\u00a0<br \/>\u00abDurante el mandato del PLD, la corrupci\u00f3n fue la norma y el pueblo sufri\u00f3 las consecuencias. Hoy, bajo la direcci\u00f3n de Abinader, hemos visto un cambio significativo en la pol\u00edtica social\u00bb, afirm\u00f3.<br \/>\u00a0<br \/>El dirigente del Partido Revolucionario Moderno (PRM), tambi\u00e9n se refiri\u00f3 a los bonos navide\u00f1os, resaltando que el gobierno ha implementado medidas para asegurar que cada ciudadano reciba su \u00abbrisita navide\u00f1a\u00bb, argument\u00f3.<br \/>\u00a0<br \/>Signific\u00f3 que es un compromiso \u00a0del presidente Abinader elevar la calidad de vida de los dominicanos. <br \/>\u00a0<br \/>Declar\u00f3 que el ministro Jos\u00e9 Ignacio Paliza fue quien explic\u00f3 que se han tomado las medidas necesarias para abordar la situaci\u00f3n de los bonos faltantes.<br \/>\u00a0<br \/>\u00a0\u00abEl ministro ha sido claro en su comunicaci\u00f3n, y el gabinete de pol\u00edtica social est\u00e1n trabajando para coordinar la entrega de estos beneficios a los m\u00e1s vulnerables\u00bb, enfatiz\u00f3.<br \/>En ese contexto llam\u00f3 a la poblaci\u00f3n a mantener la confianza en las acciones del gobierno y a no dejarse llevar por la desinformaci\u00f3n que a menudo proviene de sectores opositores.<br \/>\u00a0<br \/>\u00a0\u00abLa pol\u00edtica social del presidente Abinader es una realidad, y los resultados son palpables\u00bb, subray\u00f3.<br \/>\u00a0<br \/>A\u00f1adi\u00f3 que es esencial que los ciudadanos comprendan que el actual gobierno est\u00e1 haciendo un esfuerzo real por mejorar sus condiciones de vida.<br \/>\u00a0<br \/>\u00a0\u00abNo solo se trata de entregar bonos, sino de construir un sistema que garantice el bienestar de todos\u00bb, reafirm\u00f3. <br \/>\u00a0<br \/>El ingeniero Tom\u00e1s Hern\u00e1ndez Alberto , afirm\u00f3 que estamos en un camino de transformaci\u00f3n, y es nuestro deber respaldar estas iniciativas que benefician a todos.<br \/>\u00a0<br \/>\u00a0<\/p>\r\n","protected":false},"excerpt":{"rendered":"<p>\u00a0Santo Domingo, R.D.- El ingeniero Tom\u00e1s Hern\u00e1ndez Alberto, defendi\u00f3 la pol\u00edtica social implementada por el gobierno del presidente Luis Abinader, destacando los beneficios que esta ha tra\u00eddo al pueblo dominicano. Hern\u00e1ndez Alberto afirm\u00f3 que el Partido de la Liberaci\u00f3n Dominicana (PLD) carece de credibilidad debido a su gesti\u00f3n de 20 a\u00f1os, marcada por la corrupci\u00f3n [&hellip;]<\/p>\n","protected":false},"author":10,"featured_media":2557,"comment_status":"open","ping_status":"open","sticky":false,"template":"","format":"standard","meta":{"om_disable_all_campaigns":false,"_monsterinsights_skip_tracking":false,"_monsterinsights_sitenote_active":false,"_monsterinsights_sitenote_note":"","_monsterinsights_sitenote_category":0,"footnotes":""},"categories":[1],"tags":[163],"class_list":{"0":"post-2552","1":"post","2":"type-post","3":"status-publish","4":"format-standard","5":"has-post-thumbnail","7":"category-nacionales","8":"tag-tomas-hernandez-alberto"},"aioseo_notices":[],"_links":{"self":[{"href":"https:\/\/periodicolarepublica.com\/index.php\/wp-json\/wp\/v2\/posts\/2552","targetHints":{"allow":["GET"]}}],"collection":[{"href":"https:\/\/periodicolarepublica.com\/index.php\/wp-json\/wp\/v2\/posts"}],"about":[{"href":"https:\/\/periodicolarepublica.com\/index.php\/wp-json\/wp\/v2\/types\/post"}],"author":[{"embeddable":true,"href":"https:\/\/periodicolarepublica.com\/index.php\/wp-json\/wp\/v2\/users\/10"}],"replies":[{"embeddable":true,"href":"https:\/\/periodicolarepublica.com\/index.php\/wp-json\/wp\/v2\/comments?post=2552"}],"version-history":[{"count":2,"href":"https:\/\/periodicolarepublica.com\/index.php\/wp-json\/wp\/v2\/posts\/2552\/revisions"}],"predecessor-version":[{"id":2558,"href":"https:\/\/periodicolarepublica.com\/index.php\/wp-json\/wp\/v2\/posts\/2552\/revisions\/2558"}],"wp:featuredmedia":[{"embeddable":true,"href":"https:\/\/periodicolarepublica.com\/index.php\/wp-json\/wp\/v2\/media\/2557"}],"wp:attachment":[{"href":"https:\/\/periodicolarepublica.com\/index.php\/wp-json\/wp\/v2\/media?parent=2552"}],"wp:term":[{"taxonomy":"category","embeddable":true,"href":"https:\/\/periodicolarepublica.com\/index.php\/wp-json\/wp\/v2\/categories?post=2552"},{"taxonomy":"post_tag","embeddable":true,"href":"https:\/\/periodicolarepublica.com\/index.php\/wp-json\/wp\/v2\/tags?post=2552"}],"curies":[{"name":"wp","href":"https:\/\/api.w.org\/{rel}","templated":true}]}}