{"id":2556,"date":"2025-01-26T16:16:56","date_gmt":"2025-01-26T15:16:56","guid":{"rendered":"https:\/\/periodicolarepublica.com\/?p=2556"},"modified":"2025-01-26T16:16:56","modified_gmt":"2025-01-26T15:16:56","slug":"entre-desafios-y-avances-la-salud-mental-en-la-republica-dominicana-en-el-siglo-xxi","status":"publish","type":"post","link":"https:\/\/periodicolarepublica.com\/index.php\/2025\/01\/26\/entre-desafios-y-avances-la-salud-mental-en-la-republica-dominicana-en-el-siglo-xxi\/","title":{"rendered":"\u00abEntre Desaf\u00edos y Avances: La Salud Mental en la Rep\u00fablica Dominicana en el Siglo XXI\u00bb"},"content":{"rendered":"\r\n<p>En los \u00faltimos a\u00f1os, la salud mental ha comenzado a recibir la atenci\u00f3n que merece en la Rep\u00fablica Dominicana. Bajo el liderazgo del Ministro de Salud P\u00fablica, Dr. V\u00edctor Atallah, se est\u00e1n tomando medidas decisivas para abordar este tema crucial. El compromiso del gobierno, encabezado por el presidente Luis Abinader, se traduce en un enfoque m\u00e1s humano y comprensivo hacia las necesidades mentales de la poblaci\u00f3n.<br \/><br \/>Uno de los avances m\u00e1s significativos ha sido la extensi\u00f3n de los horarios del departamento de salud mental, lo que permite a m\u00e1s ciudadanos acceder a los servicios que necesitan. Este esfuerzo demuestra una clara intenci\u00f3n de hacer que la atenci\u00f3n sea m\u00e1s accesible y de reducir el estigma que rodea a los problemas de salud mental. La apertura de m\u00e1s espacios de atenci\u00f3n es un paso en la direcci\u00f3n correcta.<br \/><br \/>Recientemente, el Ministro Atallah realiz\u00f3 una visita a la provincia de Salcedo, donde pudo observar de primera mano los esfuerzos realizados en materia de salud mental. Durante su visita, convers\u00f3 con el personal m\u00e9dico y psicol\u00f3gico, as\u00ed como con enfermeras, lo que refleja un enfoque colaborativo y de escucha activa. La interacci\u00f3n directa con los profesionales de la salud es fundamental para identificar \u00e1reas de mejora y fortalecer el sistema.<br \/><br \/>En una entrevista con el comunicador Pablo Mckinney, el Dr. Atallah destac\u00f3 los avances logrados, incluyendo el crecimiento de la atenci\u00f3n a trav\u00e9s de la l\u00ednea de salud p\u00fablica, que ha beneficiado a m\u00e1s de 15,500 ciudadanos. Este servicio no solo proporciona apoyo psicol\u00f3gico, sino que tambi\u00e9n ayuda a las personas a encontrar recursos y orientaci\u00f3n en momentos de crisis.<br \/><br \/>Adem\u00e1s de la atenci\u00f3n a la salud mental, el Ministro tambi\u00e9n abord\u00f3 el tema de los medicamentos de alto costo. La disponibilidad y el acceso a estos tratamientos son esenciales para aquellos que sufren de trastornos mentales graves. La reducci\u00f3n de costos y la mejora en la distribuci\u00f3n de medicamentos son pasos que pueden transformar vidas.<br \/><br \/>Otro aspecto destacado por el Dr. Atallah fue el \u00e9xito en las jornadas contra el dengue, lo que demuestra que el Ministerio de Salud P\u00fablica est\u00e1 trabajando en m\u00faltiples frentes. El enfoque integral en la salud de la poblaci\u00f3n es crucial, ya que la salud mental y f\u00edsica est\u00e1n interrelacionadas. La prevenci\u00f3n y el tratamiento de enfermedades deben ir de la mano.<br \/><br \/>Sin embargo, a pesar de estos avances, a\u00fan quedan desaf\u00edos por enfrentar. La falta de recursos en algunas \u00e1reas rurales y la necesidad de m\u00e1s profesionales capacitados son problemas persistentes. Es vital que el gobierno contin\u00fae invirtiendo en la formaci\u00f3n y la contrataci\u00f3n de personal especializado en salud mental.<br \/><br \/>La sensibilizaci\u00f3n sobre la salud mental tambi\u00e9n es un reto importante. La educaci\u00f3n de la poblaci\u00f3n sobre la importancia de buscar ayuda y el desmantelamiento de los tab\u00faes asociados a la salud mental son esenciales para crear un entorno m\u00e1s saludable. La comunicaci\u00f3n efectiva y campa\u00f1as de concienciaci\u00f3n pueden marcar una diferencia significativa.<br \/><br \/>En conclusi\u00f3n, el trabajo realizado por el Ministro Dr. V\u00edctor Atallah y su equipo es digno de reconocimiento. A trav\u00e9s de esfuerzos concertados y un enfoque comprometido, se est\u00e1n sentando las bases para un sistema de salud mental m\u00e1s robusto en la Rep\u00fablica Dominicana. La salud mental debe seguir siendo una prioridad para garantizar el bienestar de todos los ciudadanos y construir un futuro m\u00e1s saludable y resiliente.<\/p>\r\n<p><img loading=\"lazy\" decoding=\"async\" class=\"size-medium wp-image-2254 alignright\" src=\"https:\/\/periodicolarepublica.com\/wp-content\/uploads\/2024\/12\/ales-mini-300x300.jpg\" alt=\"\" width=\"300\" height=\"300\" srcset=\"https:\/\/periodicolarepublica.com\/wp-content\/uploads\/2024\/12\/ales-mini-300x300.jpg?v=1733054193 300w, https:\/\/periodicolarepublica.com\/wp-content\/uploads\/2024\/12\/ales-mini-1024x1024.jpg?v=1733054193 1024w, https:\/\/periodicolarepublica.com\/wp-content\/uploads\/2024\/12\/ales-mini-150x150.jpg?v=1733054193 150w, https:\/\/periodicolarepublica.com\/wp-content\/uploads\/2024\/12\/ales-mini-768x768.jpg?v=1733054193 768w, https:\/\/periodicolarepublica.com\/wp-content\/uploads\/2024\/12\/ales-mini-600x600.jpg?v=1733054193 600w, https:\/\/periodicolarepublica.com\/wp-content\/uploads\/2024\/12\/ales-mini-696x696.jpg?v=1733054193 696w, https:\/\/periodicolarepublica.com\/wp-content\/uploads\/2024\/12\/ales-mini-1068x1068.jpg?v=1733054193 1068w, https:\/\/periodicolarepublica.com\/wp-content\/uploads\/2024\/12\/ales-mini.jpg?v=1733054193 1080w\" sizes=\"auto, (max-width: 300px) 100vw, 300px\" \/><\/p>\r\n","protected":false},"excerpt":{"rendered":"<p>En los \u00faltimos a\u00f1os, la salud mental ha comenzado a recibir la atenci\u00f3n que merece en la Rep\u00fablica Dominicana. Bajo el liderazgo del Ministro de Salud P\u00fablica, Dr. V\u00edctor Atallah, se est\u00e1n tomando medidas decisivas para abordar este tema crucial. El compromiso del gobierno, encabezado por el presidente Luis Abinader, se traduce en un enfoque [&hellip;]<\/p>\n","protected":false},"author":10,"featured_media":2254,"comment_status":"open","ping_status":"open","sticky":false,"template":"","format":"standard","meta":{"om_disable_all_campaigns":false,"_monsterinsights_skip_tracking":false,"_monsterinsights_sitenote_active":false,"_monsterinsights_sitenote_note":"","_monsterinsights_sitenote_category":0,"footnotes":""},"categories":[1],"tags":[161],"class_list":{"0":"post-2556","1":"post","2":"type-post","3":"status-publish","4":"format-standard","5":"has-post-thumbnail","7":"category-nacionales","8":"tag-victor-atallah"},"aioseo_notices":[],"_links":{"self":[{"href":"https:\/\/periodicolarepublica.com\/index.php\/wp-json\/wp\/v2\/posts\/2556","targetHints":{"allow":["GET"]}}],"collection":[{"href":"https:\/\/periodicolarepublica.com\/index.php\/wp-json\/wp\/v2\/posts"}],"about":[{"href":"https:\/\/periodicolarepublica.com\/index.php\/wp-json\/wp\/v2\/types\/post"}],"author":[{"embeddable":true,"href":"https:\/\/periodicolarepublica.com\/index.php\/wp-json\/wp\/v2\/users\/10"}],"replies":[{"embeddable":true,"href":"https:\/\/periodicolarepublica.com\/index.php\/wp-json\/wp\/v2\/comments?post=2556"}],"version-history":[{"count":2,"href":"https:\/\/periodicolarepublica.com\/index.php\/wp-json\/wp\/v2\/posts\/2556\/revisions"}],"predecessor-version":[{"id":2561,"href":"https:\/\/periodicolarepublica.com\/index.php\/wp-json\/wp\/v2\/posts\/2556\/revisions\/2561"}],"wp:featuredmedia":[{"embeddable":true,"href":"https:\/\/periodicolarepublica.com\/index.php\/wp-json\/wp\/v2\/media\/2254"}],"wp:attachment":[{"href":"https:\/\/periodicolarepublica.com\/index.php\/wp-json\/wp\/v2\/media?parent=2556"}],"wp:term":[{"taxonomy":"category","embeddable":true,"href":"https:\/\/periodicolarepublica.com\/index.php\/wp-json\/wp\/v2\/categories?post=2556"},{"taxonomy":"post_tag","embeddable":true,"href":"https:\/\/periodicolarepublica.com\/index.php\/wp-json\/wp\/v2\/tags?post=2556"}],"curies":[{"name":"wp","href":"https:\/\/api.w.org\/{rel}","templated":true}]}}