{"id":2575,"date":"2025-01-30T19:55:31","date_gmt":"2025-01-30T18:55:31","guid":{"rendered":"https:\/\/periodicolarepublica.com\/?p=2575"},"modified":"2025-01-30T19:55:31","modified_gmt":"2025-01-30T18:55:31","slug":"ministro-bonilla-motiva-a-jovenes-a-seguir-impulsando-cambios-en-el-sector-construccion","status":"publish","type":"post","link":"https:\/\/periodicolarepublica.com\/index.php\/2025\/01\/30\/ministro-bonilla-motiva-a-jovenes-a-seguir-impulsando-cambios-en-el-sector-construccion\/","title":{"rendered":"Ministro Bonilla motiva a j\u00f3venes a seguir impulsando cambios en el sector construcci\u00f3n"},"content":{"rendered":"\r\n<p>En la XIII Edici\u00f3n del Premio Joven del A\u00f1o, el titular del MIVED dijo que el impacto de los j\u00f3venes ha representado un antes y un despu\u00e9s en el sector construcci\u00f3n<br \/><br \/>Santo Domingo. &#8211; El Ministro de Vivienda y Edificaciones (MIVED), Carlos Bonilla, motiv\u00f3 a los j\u00f3venes a seguir impulsando cambios en el sector construcci\u00f3n de la Rep\u00fablica Dominicana.<br \/><img loading=\"lazy\" decoding=\"async\" class=\"size-medium wp-image-2584 alignright\" src=\"https:\/\/periodicolarepublica.com\/wp-content\/uploads\/2025\/01\/IMG-20250130-WA0041-200x300.jpg\" alt=\"\" width=\"200\" height=\"300\" srcset=\"https:\/\/periodicolarepublica.com\/wp-content\/uploads\/2025\/01\/IMG-20250130-WA0041-200x300.jpg?v=1738263297 200w, https:\/\/periodicolarepublica.com\/wp-content\/uploads\/2025\/01\/IMG-20250130-WA0041-683x1024.jpg?v=1738263297 683w, https:\/\/periodicolarepublica.com\/wp-content\/uploads\/2025\/01\/IMG-20250130-WA0041-768x1152.jpg?v=1738263297 768w, https:\/\/periodicolarepublica.com\/wp-content\/uploads\/2025\/01\/IMG-20250130-WA0041-1024x1536.jpg?v=1738263297 1024w, https:\/\/periodicolarepublica.com\/wp-content\/uploads\/2025\/01\/IMG-20250130-WA0041-1366x2048.jpg?v=1738263297 1366w, https:\/\/periodicolarepublica.com\/wp-content\/uploads\/2025\/01\/IMG-20250130-WA0041-150x225.jpg?v=1738263297 150w, https:\/\/periodicolarepublica.com\/wp-content\/uploads\/2025\/01\/IMG-20250130-WA0041-300x450.jpg?v=1738263297 300w, https:\/\/periodicolarepublica.com\/wp-content\/uploads\/2025\/01\/IMG-20250130-WA0041-600x900.jpg?v=1738263297 600w, https:\/\/periodicolarepublica.com\/wp-content\/uploads\/2025\/01\/IMG-20250130-WA0041-696x1044.jpg?v=1738263297 696w, https:\/\/periodicolarepublica.com\/wp-content\/uploads\/2025\/01\/IMG-20250130-WA0041-1392x2087.jpg?v=1738263297 1392w, https:\/\/periodicolarepublica.com\/wp-content\/uploads\/2025\/01\/IMG-20250130-WA0041-1068x1602.jpg?v=1738263297 1068w, https:\/\/periodicolarepublica.com\/wp-content\/uploads\/2025\/01\/IMG-20250130-WA0041-1920x2879.jpg?v=1738263297 1920w, https:\/\/periodicolarepublica.com\/wp-content\/uploads\/2025\/01\/IMG-20250130-WA0041-scaled.jpg?v=1738263297 1707w\" sizes=\"auto, (max-width: 200px) 100vw, 200px\" \/><br \/>En el marco de la XIII Edici\u00f3n del Premio Joven del A\u00f1o de Gala Media, el Ministro Bonilla dijo que el impacto de los j\u00f3venes ha marcado un antes y un despu\u00e9s en el sector construcci\u00f3n.<br \/><br \/>En v\u00edsperas del D\u00eda Nacional de la Juventud, el titular del MIVED indic\u00f3 que son los j\u00f3venes quienes propician cambios, porque cuando un joven ingeniero o arquitecto quiere abrirse paso en un mercado tan competitivo como el de la construcci\u00f3n, tiene que hacer las cosas diferentes.<br \/><br \/>\u201cEsos j\u00f3venes llegan y hacen que la competencia cambie, todo el mundo se tiene que adaptar a esos cambios para seguir compitiendo en el mercado\u201d, se\u00f1al\u00f3 el funcionario en el foro \u201cJ\u00f3venes que Transforman: Historias de Superaci\u00f3n, Inspiraci\u00f3n y Liderazgo\u201d.<br \/><br \/>Bonilla destac\u00f3 que desde el Ministerio de Vivienda y Edificaciones se propician espacios para que los j\u00f3venes desarrollen nuevas ideas, cambiando por completo el sector de la construcci\u00f3n.<br \/><br \/>\u201cA los j\u00f3venes les dir\u00eda que no tengan miedo, que si tienen una idea y creen en ella que luchen por implementarla; que se abran camino, que no esperen que les den una oportunidad, que se busquen sus propias oportunidades. Con esa actitud y ese impulso que tienen muchos j\u00f3venes estoy seguro de que, con una buena idea e implementaci\u00f3n, van a triunfar en la vida\u201d, indic\u00f3 Carlos Bonilla.<br \/><br \/><br \/>El titular del MIVED puso como ejemplo a Los Trinitarios, quienes fueron j\u00f3venes y con sus ideas renovadas, impulsaron la independencia de la Rep\u00fablica Dominicana.<br \/><br \/>El Ministro de Vivienda y Edificaciones, Carlos Bonilla, recibi\u00f3 el Premio Joven del A\u00f1o que realiza Gala Media por octava ocasi\u00f3n. Fue galardonado junto a otros 25 j\u00f3venes, incluyendo al Ministro de la Presidencia, Jos\u00e9 Paliza; el Ministro de Administraci\u00f3n P\u00fablica, Sigmund Freund; la Directora General de Sup\u00e9rate, Gloria Reyes; el Director Ejecutivo de la Autoridad Portuaria Dominicana, Jean Luis Rodr\u00edguez, entre otros j\u00f3venes del sector privado, pol\u00edtico, social, cultural, deportivo y acad\u00e9mico.<br \/><br \/>Este galard\u00f3n destaca a j\u00f3venes extraordinarios cuyas contribuciones, dedicaci\u00f3n y visi\u00f3n han impactado de manera significativa en diversos \u00e1mbitos de la sociedad.<\/p>\r\n","protected":false},"excerpt":{"rendered":"<p>En la XIII Edici\u00f3n del Premio Joven del A\u00f1o, el titular del MIVED dijo que el impacto de los j\u00f3venes ha representado un antes y un despu\u00e9s en el sector construcci\u00f3n Santo Domingo. &#8211; El Ministro de Vivienda y Edificaciones (MIVED), Carlos Bonilla, motiv\u00f3 a los j\u00f3venes a seguir impulsando cambios en el sector construcci\u00f3n [&hellip;]<\/p>\n","protected":false},"author":10,"featured_media":2584,"comment_status":"open","ping_status":"open","sticky":false,"template":"","format":"standard","meta":{"om_disable_all_campaigns":false,"_monsterinsights_skip_tracking":false,"_monsterinsights_sitenote_active":false,"_monsterinsights_sitenote_note":"","_monsterinsights_sitenote_category":0,"footnotes":""},"categories":[1],"tags":[348],"class_list":{"0":"post-2575","1":"post","2":"type-post","3":"status-publish","4":"format-standard","5":"has-post-thumbnail","7":"category-nacionales","8":"tag-ministerio-de-la-vivienda"},"aioseo_notices":[],"_links":{"self":[{"href":"https:\/\/periodicolarepublica.com\/index.php\/wp-json\/wp\/v2\/posts\/2575","targetHints":{"allow":["GET"]}}],"collection":[{"href":"https:\/\/periodicolarepublica.com\/index.php\/wp-json\/wp\/v2\/posts"}],"about":[{"href":"https:\/\/periodicolarepublica.com\/index.php\/wp-json\/wp\/v2\/types\/post"}],"author":[{"embeddable":true,"href":"https:\/\/periodicolarepublica.com\/index.php\/wp-json\/wp\/v2\/users\/10"}],"replies":[{"embeddable":true,"href":"https:\/\/periodicolarepublica.com\/index.php\/wp-json\/wp\/v2\/comments?post=2575"}],"version-history":[{"count":2,"href":"https:\/\/periodicolarepublica.com\/index.php\/wp-json\/wp\/v2\/posts\/2575\/revisions"}],"predecessor-version":[{"id":2585,"href":"https:\/\/periodicolarepublica.com\/index.php\/wp-json\/wp\/v2\/posts\/2575\/revisions\/2585"}],"wp:featuredmedia":[{"embeddable":true,"href":"https:\/\/periodicolarepublica.com\/index.php\/wp-json\/wp\/v2\/media\/2584"}],"wp:attachment":[{"href":"https:\/\/periodicolarepublica.com\/index.php\/wp-json\/wp\/v2\/media?parent=2575"}],"wp:term":[{"taxonomy":"category","embeddable":true,"href":"https:\/\/periodicolarepublica.com\/index.php\/wp-json\/wp\/v2\/categories?post=2575"},{"taxonomy":"post_tag","embeddable":true,"href":"https:\/\/periodicolarepublica.com\/index.php\/wp-json\/wp\/v2\/tags?post=2575"}],"curies":[{"name":"wp","href":"https:\/\/api.w.org\/{rel}","templated":true}]}}