{"id":2583,"date":"2025-01-30T21:20:19","date_gmt":"2025-01-30T20:20:19","guid":{"rendered":"https:\/\/periodicolarepublica.com\/?p=2583"},"modified":"2025-01-30T21:20:19","modified_gmt":"2025-01-30T20:20:19","slug":"gala-media-group-reconoce-a-ramon-gabriel-aguilera-como-joven-del-ano-2025","status":"publish","type":"post","link":"https:\/\/periodicolarepublica.com\/index.php\/2025\/01\/30\/gala-media-group-reconoce-a-ramon-gabriel-aguilera-como-joven-del-ano-2025\/","title":{"rendered":"Gala Media Group reconoce a Ram\u00f3n Gabriel Aguilera como Joven del A\u00f1o 2025"},"content":{"rendered":"\r\n<p>La Asociaci\u00f3n Nacional de Productores de Asfalto (ANPRAS) se enorgullece en anunciar que su presidente, el Ing. Ram\u00f3n Gabriel Aguilera, ha sido distinguido con el Premio Joven del A\u00f1o 2025, en su XIII edici\u00f3n. Este reconocimiento, otorgado por Gala Media Group, destaca su liderazgo como joven empresario en el sector de la construcci\u00f3n, su visi\u00f3n innovadora y su impacto en el desarrollo de la infraestructura vial en la Rep\u00fablica Dominicana.<br \/><img loading=\"lazy\" decoding=\"async\" class=\"size-medium wp-image-2588 alignright\" src=\"https:\/\/periodicolarepublica.com\/wp-content\/uploads\/2025\/01\/IMG-20250130-WA0049-300x200.jpg\" alt=\"\" width=\"300\" height=\"200\" srcset=\"https:\/\/periodicolarepublica.com\/wp-content\/uploads\/2025\/01\/IMG-20250130-WA0049-300x200.jpg?v=1738268405 300w, https:\/\/periodicolarepublica.com\/wp-content\/uploads\/2025\/01\/IMG-20250130-WA0049-1024x682.jpg?v=1738268405 1024w, https:\/\/periodicolarepublica.com\/wp-content\/uploads\/2025\/01\/IMG-20250130-WA0049-768x512.jpg?v=1738268405 768w, https:\/\/periodicolarepublica.com\/wp-content\/uploads\/2025\/01\/IMG-20250130-WA0049-1536x1023.jpg?v=1738268405 1536w, https:\/\/periodicolarepublica.com\/wp-content\/uploads\/2025\/01\/IMG-20250130-WA0049-150x100.jpg?v=1738268405 150w, https:\/\/periodicolarepublica.com\/wp-content\/uploads\/2025\/01\/IMG-20250130-WA0049-600x400.jpg?v=1738268405 600w, https:\/\/periodicolarepublica.com\/wp-content\/uploads\/2025\/01\/IMG-20250130-WA0049-696x464.jpg?v=1738268405 696w, https:\/\/periodicolarepublica.com\/wp-content\/uploads\/2025\/01\/IMG-20250130-WA0049-1392x927.jpg?v=1738268405 1392w, https:\/\/periodicolarepublica.com\/wp-content\/uploads\/2025\/01\/IMG-20250130-WA0049-1068x712.jpg?v=1738268405 1068w, https:\/\/periodicolarepublica.com\/wp-content\/uploads\/2025\/01\/IMG-20250130-WA0049.jpg?v=1738268405 1600w\" sizes=\"auto, (max-width: 300px) 100vw, 300px\" \/><br \/>La premiaci\u00f3n tuvo lugar durante el Foro \u00abJ\u00f3venes que Transforman: Historias de Superaci\u00f3n, Inspiraci\u00f3n y Liderazgo\u00bb, un evento organizado por Gala Media Group, que celebra el talento de j\u00f3venes profesionales que est\u00e1n dejando su huella en distintos \u00e1mbitos de la sociedad.<br \/><br \/>Como presidente de ANPRAS, el Ing. Aguilera ha trabajado para fortalecer el sector, promoviendo iniciativas que elevan los est\u00e1ndares de calidad y eficiencia en la infraestructura vial. Su reconocimiento reafirma la importancia de la juventud en la construcci\u00f3n del futuro del pa\u00eds y la capacidad de los j\u00f3venes empresarios para generar un impacto positivo a nivel nacional.<br \/><br \/>Desde ANPRAS, felicitamos a nuestro presidente por este merecido logro y celebramos su compromiso con la innovaci\u00f3n, el desarrollo sostenible y el crecimiento del sector.<br \/><br \/>Sobre ANPRAS<br \/><br \/>La Asociaci\u00f3n Nacional de Productores de Asfalto (ANPRAS) es una organizaci\u00f3n comprometida con el desarrollo, la innovaci\u00f3n y la sostenibilidad en la producci\u00f3n de asfalto y la infraestructura vial en la Rep\u00fablica Dominicana.<\/p>\r\n","protected":false},"excerpt":{"rendered":"<p>La Asociaci\u00f3n Nacional de Productores de Asfalto (ANPRAS) se enorgullece en anunciar que su presidente, el Ing. Ram\u00f3n Gabriel Aguilera, ha sido distinguido con el Premio Joven del A\u00f1o 2025, en su XIII edici\u00f3n. Este reconocimiento, otorgado por Gala Media Group, destaca su liderazgo como joven empresario en el sector de la construcci\u00f3n, su visi\u00f3n [&hellip;]<\/p>\n","protected":false},"author":10,"featured_media":2588,"comment_status":"open","ping_status":"open","sticky":false,"template":"","format":"standard","meta":{"om_disable_all_campaigns":false,"_monsterinsights_skip_tracking":false,"_monsterinsights_sitenote_active":false,"_monsterinsights_sitenote_note":"","_monsterinsights_sitenote_category":0,"footnotes":""},"categories":[1],"tags":[],"class_list":{"0":"post-2583","1":"post","2":"type-post","3":"status-publish","4":"format-standard","5":"has-post-thumbnail","7":"category-nacionales"},"aioseo_notices":[],"_links":{"self":[{"href":"https:\/\/periodicolarepublica.com\/index.php\/wp-json\/wp\/v2\/posts\/2583","targetHints":{"allow":["GET"]}}],"collection":[{"href":"https:\/\/periodicolarepublica.com\/index.php\/wp-json\/wp\/v2\/posts"}],"about":[{"href":"https:\/\/periodicolarepublica.com\/index.php\/wp-json\/wp\/v2\/types\/post"}],"author":[{"embeddable":true,"href":"https:\/\/periodicolarepublica.com\/index.php\/wp-json\/wp\/v2\/users\/10"}],"replies":[{"embeddable":true,"href":"https:\/\/periodicolarepublica.com\/index.php\/wp-json\/wp\/v2\/comments?post=2583"}],"version-history":[{"count":2,"href":"https:\/\/periodicolarepublica.com\/index.php\/wp-json\/wp\/v2\/posts\/2583\/revisions"}],"predecessor-version":[{"id":2589,"href":"https:\/\/periodicolarepublica.com\/index.php\/wp-json\/wp\/v2\/posts\/2583\/revisions\/2589"}],"wp:featuredmedia":[{"embeddable":true,"href":"https:\/\/periodicolarepublica.com\/index.php\/wp-json\/wp\/v2\/media\/2588"}],"wp:attachment":[{"href":"https:\/\/periodicolarepublica.com\/index.php\/wp-json\/wp\/v2\/media?parent=2583"}],"wp:term":[{"taxonomy":"category","embeddable":true,"href":"https:\/\/periodicolarepublica.com\/index.php\/wp-json\/wp\/v2\/categories?post=2583"},{"taxonomy":"post_tag","embeddable":true,"href":"https:\/\/periodicolarepublica.com\/index.php\/wp-json\/wp\/v2\/tags?post=2583"}],"curies":[{"name":"wp","href":"https:\/\/api.w.org\/{rel}","templated":true}]}}