{"id":2587,"date":"2025-01-30T22:04:10","date_gmt":"2025-01-30T21:04:10","guid":{"rendered":"https:\/\/periodicolarepublica.com\/?p=2587"},"modified":"2025-01-30T22:04:10","modified_gmt":"2025-01-30T21:04:10","slug":"ministerio-de-salud-aplico-mas-de-951-mil-vacunas-contra-la-rabia-en-2024","status":"publish","type":"post","link":"https:\/\/periodicolarepublica.com\/index.php\/2025\/01\/30\/ministerio-de-salud-aplico-mas-de-951-mil-vacunas-contra-la-rabia-en-2024\/","title":{"rendered":"Ministerio de Salud aplic\u00f3 m\u00e1s de 951 mil vacunas contra la rabia en 2024"},"content":{"rendered":"\r\n<p>Casos de virus gripal se encuentran dentro de la cantidad esperada, otras enfermedades permanecen bajo control.<br \/><br \/>*Santo Domingo*-. El Ministerio de Salud P\u00fablica (MSP), inform\u00f3 este jueves que por medio a la Jornada Nacional de Vacunaci\u00f3n que desarroll\u00f3 en el 2024, logr\u00f3 aplicar un total de 951,768 dosis de vacuna contra la rabia a perros y gatos.<br \/><img loading=\"lazy\" decoding=\"async\" class=\"size-medium wp-image-2439 alignright\" src=\"https:\/\/periodicolarepublica.com\/wp-content\/uploads\/2024\/12\/IMG-20241226-WA0074-300x200.jpg\" alt=\"\" width=\"300\" height=\"200\" srcset=\"https:\/\/periodicolarepublica.com\/wp-content\/uploads\/2024\/12\/IMG-20241226-WA0074-300x200.jpg?v=1735509075 300w, https:\/\/periodicolarepublica.com\/wp-content\/uploads\/2024\/12\/IMG-20241226-WA0074-1024x682.jpg?v=1735509075 1024w, https:\/\/periodicolarepublica.com\/wp-content\/uploads\/2024\/12\/IMG-20241226-WA0074-768x511.jpg?v=1735509075 768w, https:\/\/periodicolarepublica.com\/wp-content\/uploads\/2024\/12\/IMG-20241226-WA0074-150x100.jpg?v=1735509075 150w, https:\/\/periodicolarepublica.com\/wp-content\/uploads\/2024\/12\/IMG-20241226-WA0074-600x399.jpg?v=1735509075 600w, https:\/\/periodicolarepublica.com\/wp-content\/uploads\/2024\/12\/IMG-20241226-WA0074-696x463.jpg?v=1735509075 696w, https:\/\/periodicolarepublica.com\/wp-content\/uploads\/2024\/12\/IMG-20241226-WA0074-1068x711.jpg?v=1735509075 1068w, https:\/\/periodicolarepublica.com\/wp-content\/uploads\/2024\/12\/IMG-20241226-WA0074.jpg?v=1735509075 1280w\" sizes=\"auto, (max-width: 300px) 100vw, 300px\" \/><br \/>Indica que esta jornada se extendi\u00f3 a todo el territorio nacional, con la finalidad de proteger a estos animales dom\u00e9sticos contra el virus.<br \/><br \/>La entidad se\u00f1ala que participaron m\u00e1s de 5,750 brigadas del Ministerio de Salud que vacunaron en los puntos fijos diseminados de forma estrat\u00e9gica para impactar a la mayor cantidad de animales.<br \/><br \/>El director Centro para la Prevenci\u00f3n y Control de las Enfermedades Transmitidas por Vectores y Zoonosis (Cecovez), Jos\u00e9 Luis Cruz, destac\u00f3 el \u00e9xito de la jornada y dijo que ha sido una de las m\u00e1s activas y participativas desde 2019, por lo agradeci\u00f3 el apoyo de la toda poblaci\u00f3n que acudi\u00f3 a vacunar a su perros y gatos de manera gratuita.<br \/><br \/>*Virus gripal*<br \/>El Ministerio de Salud P\u00fablica inform\u00f3 que en las primeras semanas del presente a\u00f1o 2025 en Rep\u00fablica Dominicana entre los virus gripales detectados se encuentran, adenovirus, parainfluenza y coronavirus.<br \/><br \/>Asimismo, explica que la cantidad de casos de gripe se encuentran dentro de lo esperado para la temporada, al tiempo que recomienda a la poblaci\u00f3n mantener los cuidados necesarios para prevenir estas infecciones.<br \/><br \/>Precisa que es necesario mantener el lavado de manos frecuente, usar mascarilla en caso de presentar s\u00edntomas de gripe y acudir a lugares concurridos, no auto medicarse y acudir a los centros de salud a recibir atenci\u00f3n m\u00e9dica si presenta fiebre, malestar general, dolor de cabeza.<br \/><br \/>Resalta que seg\u00fan la Organizaci\u00f3n Panamericana de la Salud (OPS\/OMS), en los pa\u00edses de la Regi\u00f3n de las Am\u00e9ricas hasta la Semana Epidemiol\u00f3gica 01 del 2025, las Enfermedades tipo influenza (ETI) e Infecciones Respiratorias Agudas (IRAG) han mostrado un aumento marcado en Am\u00e9rica del Norte, el Caribe, y algunos pa\u00edses de la subregi\u00f3n Andina y el Cono Sur asociado con la circulaci\u00f3n del Virus Respiratorio Sincitial (VRS) y del virus influenza.<br \/><br \/>*Bolet\u00edn Epidemiol\u00f3gico Nacional SE-03*<br \/>En la Semana Epidemiol\u00f3gica 03 de 2025, el Bolet\u00edn Epidemiol\u00f3gico Nacional son reportados tres casos de dengue, el total acumulado es de siete casos y la incidencia es de 1.13. El pasado a\u00f1o a la fecha se hab\u00edan notificado 259 casos.<br \/><br \/>As\u00ed tambi\u00e9n se reportan 7 casos de malaria, 25 desde la Semana 01, la incidencia es de 4.03 en comparaci\u00f3n al pasado a\u00f1o registra descenso ya que se encontraba en 9.72 para una disminuci\u00f3n de -59 por ciento.<br \/><br \/>El Bolet\u00edn emitido por la Direcci\u00f3n de Epidemiolog\u00eda indica cero casos de c\u00f3lera y de leptospirosis, ambas enfermedades presentan incidencia cero por ciento en el presente a\u00f1o.<br \/><br \/>De COVID-19 para esta semana, reportan ocho casos positivos a la enfermedad con una incidencia de 1.29 por cada 100 mil habitantes.<br \/><br \/>*Muertes maternas e infantiles*<br \/>En cuanto a muertes infantiles, se contabilizaron 27 defunciones, mientras que en 2024 se hab\u00edan reportado 53, lo que refleja una disminuci\u00f3n en estos indicadores. <br \/><br \/>En la SE-03 se registraron cuatro muertes maternas que corresponden a dos dominicanas y dos mujeres de nacionalidad haitiana. El acumulado es de 10 defunciones, mientras que el pasado a\u00f1o se reportaban 17 en este mismo per\u00edodo, indicando disminuci\u00f3n.<\/p>\r\n","protected":false},"excerpt":{"rendered":"<p>Casos de virus gripal se encuentran dentro de la cantidad esperada, otras enfermedades permanecen bajo control. *Santo Domingo*-. El Ministerio de Salud P\u00fablica (MSP), inform\u00f3 este jueves que por medio a la Jornada Nacional de Vacunaci\u00f3n que desarroll\u00f3 en el 2024, logr\u00f3 aplicar un total de 951,768 dosis de vacuna contra la rabia a perros [&hellip;]<\/p>\n","protected":false},"author":10,"featured_media":2439,"comment_status":"open","ping_status":"open","sticky":false,"template":"","format":"standard","meta":{"om_disable_all_campaigns":false,"_monsterinsights_skip_tracking":false,"_monsterinsights_sitenote_active":false,"_monsterinsights_sitenote_note":"","_monsterinsights_sitenote_category":0,"footnotes":""},"categories":[1],"tags":[307],"class_list":{"0":"post-2587","1":"post","2":"type-post","3":"status-publish","4":"format-standard","5":"has-post-thumbnail","7":"category-nacionales","8":"tag-ministerio-de-salud-publica"},"aioseo_notices":[],"_links":{"self":[{"href":"https:\/\/periodicolarepublica.com\/index.php\/wp-json\/wp\/v2\/posts\/2587","targetHints":{"allow":["GET"]}}],"collection":[{"href":"https:\/\/periodicolarepublica.com\/index.php\/wp-json\/wp\/v2\/posts"}],"about":[{"href":"https:\/\/periodicolarepublica.com\/index.php\/wp-json\/wp\/v2\/types\/post"}],"author":[{"embeddable":true,"href":"https:\/\/periodicolarepublica.com\/index.php\/wp-json\/wp\/v2\/users\/10"}],"replies":[{"embeddable":true,"href":"https:\/\/periodicolarepublica.com\/index.php\/wp-json\/wp\/v2\/comments?post=2587"}],"version-history":[{"count":2,"href":"https:\/\/periodicolarepublica.com\/index.php\/wp-json\/wp\/v2\/posts\/2587\/revisions"}],"predecessor-version":[{"id":2592,"href":"https:\/\/periodicolarepublica.com\/index.php\/wp-json\/wp\/v2\/posts\/2587\/revisions\/2592"}],"wp:featuredmedia":[{"embeddable":true,"href":"https:\/\/periodicolarepublica.com\/index.php\/wp-json\/wp\/v2\/media\/2439"}],"wp:attachment":[{"href":"https:\/\/periodicolarepublica.com\/index.php\/wp-json\/wp\/v2\/media?parent=2587"}],"wp:term":[{"taxonomy":"category","embeddable":true,"href":"https:\/\/periodicolarepublica.com\/index.php\/wp-json\/wp\/v2\/categories?post=2587"},{"taxonomy":"post_tag","embeddable":true,"href":"https:\/\/periodicolarepublica.com\/index.php\/wp-json\/wp\/v2\/tags?post=2587"}],"curies":[{"name":"wp","href":"https:\/\/api.w.org\/{rel}","templated":true}]}}