{"id":2591,"date":"2025-01-31T14:05:23","date_gmt":"2025-01-31T13:05:23","guid":{"rendered":"https:\/\/periodicolarepublica.com\/?p=2591"},"modified":"2025-01-31T14:05:23","modified_gmt":"2025-01-31T13:05:23","slug":"hernandez-alberto-felicita-al-presidente-abinader-por-su-compromiso-con-el-desarrollo-de-la-juventud","status":"publish","type":"post","link":"https:\/\/periodicolarepublica.com\/index.php\/2025\/01\/31\/hernandez-alberto-felicita-al-presidente-abinader-por-su-compromiso-con-el-desarrollo-de-la-juventud\/","title":{"rendered":"Hern\u00e1ndez Alberto felicita al presidente Abinader por su compromiso con el desarrollo de la Juventud."},"content":{"rendered":"\r\n<p>\u00a0<br \/>Santo Domingo, RD \u2013 El presidente del Movimiento Poder P&#8217;AL Pueblo, ingeniero Thomas Hern\u00e1ndez Alberto expres\u00f3 hoy su m\u00e1s sincera felicitaci\u00f3n al presidente Luis Abinader por el notable trabajo que ha realizado en favor de la juventud dominicana. <br \/><img loading=\"lazy\" decoding=\"async\" class=\"size-medium wp-image-2595 alignright\" src=\"https:\/\/periodicolarepublica.com\/wp-content\/uploads\/2025\/01\/IMG-20250131-WA0007-269x300.jpg\" alt=\"\" width=\"269\" height=\"300\" srcset=\"https:\/\/periodicolarepublica.com\/wp-content\/uploads\/2025\/01\/IMG-20250131-WA0007-269x300.jpg?v=1738328701 269w, https:\/\/periodicolarepublica.com\/wp-content\/uploads\/2025\/01\/IMG-20250131-WA0007-768x856.jpg?v=1738328701 768w, https:\/\/periodicolarepublica.com\/wp-content\/uploads\/2025\/01\/IMG-20250131-WA0007-150x167.jpg?v=1738328701 150w, https:\/\/periodicolarepublica.com\/wp-content\/uploads\/2025\/01\/IMG-20250131-WA0007-300x334.jpg?v=1738328701 300w, https:\/\/periodicolarepublica.com\/wp-content\/uploads\/2025\/01\/IMG-20250131-WA0007-600x668.jpg?v=1738328701 600w, https:\/\/periodicolarepublica.com\/wp-content\/uploads\/2025\/01\/IMG-20250131-WA0007-696x775.jpg?v=1738328701 696w, https:\/\/periodicolarepublica.com\/wp-content\/uploads\/2025\/01\/IMG-20250131-WA0007.jpg?v=1738328701 912w\" sizes=\"auto, (max-width: 269px) 100vw, 269px\" \/><br \/>Hern\u00e1ndez Alberto dijo que Abinader en su administraci\u00f3n ha demostrado un compromiso s\u00f3lido hacia la formaci\u00f3n y el desarrollo de los j\u00f3venes en nuestro pa\u00eds.<br \/>\u00a0<br \/>\u201cHoy, en el marco de la celebraci\u00f3n del Premio Nacional de la Juventud, es importante resaltar los avances significativos que hemos visto en la participaci\u00f3n juvenil durante este gobierno\u201d, manifest\u00f3.<br \/>\u00a0<br \/>En ese sentido record\u00f3 que este premio, que \u00e9l mismo someti\u00f3 al Congreso Nacional y fue aprobado, representa un reconocimiento a la labor y el esfuerzo de nuestros j\u00f3venes.<br \/>\u00a0<br \/>El dirigente pol\u00edtico tambi\u00e9n subray\u00f3 la diferencia de gobiernos anteriores, con el actual que ha brindado mayores oportunidades para que la juventud se involucre en la vida nacional.<br \/>\u00a0<br \/>Signific\u00f3 que la historia nos recuerda que durante la administraci\u00f3n del expresidente Leonel Fern\u00e1ndez, as\u00ed como en la de Danilo Medina, la juventud fue sistem\u00e1ticamente ignorada.<br \/>\u00a0<br \/>\u00abHoy podemos afirmar con orgullo que bajo el liderazgo del presidente Abinader, la juventud dominicana est\u00e1 experimentando un cambio positivo. Hay un espacio real para la participaci\u00f3n y la toma de decisiones que lo vinculan a nuestro futuro\u00bb, afirm\u00f3.<br \/>\u00a0<br \/>El l\u00edder del Movimiento Poder P&#8217;AL Pueblo destac\u00f3 la importancia de seguir promoviendo iniciativas que fomenten el desarrollo integral de nuestra juventud. <br \/>\u00a0<br \/>\u00abEs fundamental que continuemos trabajando juntos para crear un ambiente donde los j\u00f3venes puedan prosperar y contribuir al bienestar de nuestra naci\u00f3n\u00bb, a\u00f1adi\u00f3.<br \/>\u00a0<br \/>Asimismo, exhort\u00f3 a todos los sectores de la sociedad a unirse en este esfuerzo ya que la \u00a0juventud es el futuro de nuestra naci\u00f3n y merece ser escuchada y apoyada en cada una de sus aspiraciones.<br \/>\u00a0<br \/>Apunt\u00f3 que en este d\u00eda especial, el Movimiento Poder P&#8217;AL Pueblo reafirma su compromiso con la juventud dominicana y con el presidente Luis Abinader, quien ha demostrado que es posible construir un pa\u00eds donde los j\u00f3venes tengan voz y mayor \u00a0oportunidades.<br \/>\u00a0<\/p>\r\n","protected":false},"excerpt":{"rendered":"<p>\u00a0Santo Domingo, RD \u2013 El presidente del Movimiento Poder P&#8217;AL Pueblo, ingeniero Thomas Hern\u00e1ndez Alberto expres\u00f3 hoy su m\u00e1s sincera felicitaci\u00f3n al presidente Luis Abinader por el notable trabajo que ha realizado en favor de la juventud dominicana. Hern\u00e1ndez Alberto dijo que Abinader en su administraci\u00f3n ha demostrado un compromiso s\u00f3lido hacia la formaci\u00f3n y [&hellip;]<\/p>\n","protected":false},"author":10,"featured_media":2595,"comment_status":"open","ping_status":"open","sticky":false,"template":"","format":"standard","meta":{"om_disable_all_campaigns":false,"_monsterinsights_skip_tracking":false,"_monsterinsights_sitenote_active":false,"_monsterinsights_sitenote_note":"","_monsterinsights_sitenote_category":0,"footnotes":""},"categories":[1],"tags":[163],"class_list":{"0":"post-2591","1":"post","2":"type-post","3":"status-publish","4":"format-standard","5":"has-post-thumbnail","7":"category-nacionales","8":"tag-tomas-hernandez-alberto"},"aioseo_notices":[],"_links":{"self":[{"href":"https:\/\/periodicolarepublica.com\/index.php\/wp-json\/wp\/v2\/posts\/2591","targetHints":{"allow":["GET"]}}],"collection":[{"href":"https:\/\/periodicolarepublica.com\/index.php\/wp-json\/wp\/v2\/posts"}],"about":[{"href":"https:\/\/periodicolarepublica.com\/index.php\/wp-json\/wp\/v2\/types\/post"}],"author":[{"embeddable":true,"href":"https:\/\/periodicolarepublica.com\/index.php\/wp-json\/wp\/v2\/users\/10"}],"replies":[{"embeddable":true,"href":"https:\/\/periodicolarepublica.com\/index.php\/wp-json\/wp\/v2\/comments?post=2591"}],"version-history":[{"count":2,"href":"https:\/\/periodicolarepublica.com\/index.php\/wp-json\/wp\/v2\/posts\/2591\/revisions"}],"predecessor-version":[{"id":2596,"href":"https:\/\/periodicolarepublica.com\/index.php\/wp-json\/wp\/v2\/posts\/2591\/revisions\/2596"}],"wp:featuredmedia":[{"embeddable":true,"href":"https:\/\/periodicolarepublica.com\/index.php\/wp-json\/wp\/v2\/media\/2595"}],"wp:attachment":[{"href":"https:\/\/periodicolarepublica.com\/index.php\/wp-json\/wp\/v2\/media?parent=2591"}],"wp:term":[{"taxonomy":"category","embeddable":true,"href":"https:\/\/periodicolarepublica.com\/index.php\/wp-json\/wp\/v2\/categories?post=2591"},{"taxonomy":"post_tag","embeddable":true,"href":"https:\/\/periodicolarepublica.com\/index.php\/wp-json\/wp\/v2\/tags?post=2591"}],"curies":[{"name":"wp","href":"https:\/\/api.w.org\/{rel}","templated":true}]}}