{"id":2594,"date":"2025-01-31T17:39:04","date_gmt":"2025-01-31T16:39:04","guid":{"rendered":"https:\/\/periodicolarepublica.com\/?p=2594"},"modified":"2025-01-31T17:39:04","modified_gmt":"2025-01-31T16:39:04","slug":"alcaldesa-carolina-mejia-pide-en-foro-del-caf-mayores-oportunidades-para-el-liderazgo-femenino","status":"publish","type":"post","link":"https:\/\/periodicolarepublica.com\/index.php\/2025\/01\/31\/alcaldesa-carolina-mejia-pide-en-foro-del-caf-mayores-oportunidades-para-el-liderazgo-femenino\/","title":{"rendered":"Alcaldesa Carolina Mej\u00eda pide en foro del CAF mayores oportunidades para el liderazgo femenino"},"content":{"rendered":"\r\n<p>Ponder\u00f3 la capacidad femenina e inst\u00f3 a las mujeres a construir sororidad<br \/><br \/>Panam\u00e1 &#8211; La alcaldesa del Distrito Nacional, Carolina Mej\u00eda, pidi\u00f3 mayores oportunidades para el liderazgo femenino durante su participaci\u00f3n Foro Econ\u00f3mico Internacional Am\u00e9rica Latina y el Caribe, organizado por el CAF.<br \/><img loading=\"lazy\" decoding=\"async\" class=\"size-medium wp-image-2599 alignright\" src=\"https:\/\/periodicolarepublica.com\/wp-content\/uploads\/2025\/01\/IMG-20250131-WA0027-200x300.jpg\" alt=\"\" width=\"200\" height=\"300\" srcset=\"https:\/\/periodicolarepublica.com\/wp-content\/uploads\/2025\/01\/IMG-20250131-WA0027-200x300.jpg?v=1738341525 200w, https:\/\/periodicolarepublica.com\/wp-content\/uploads\/2025\/01\/IMG-20250131-WA0027-683x1024.jpg?v=1738341525 683w, https:\/\/periodicolarepublica.com\/wp-content\/uploads\/2025\/01\/IMG-20250131-WA0027-768x1152.jpg?v=1738341525 768w, https:\/\/periodicolarepublica.com\/wp-content\/uploads\/2025\/01\/IMG-20250131-WA0027-1024x1536.jpg?v=1738341525 1024w, https:\/\/periodicolarepublica.com\/wp-content\/uploads\/2025\/01\/IMG-20250131-WA0027-1365x2048.jpg?v=1738341525 1365w, https:\/\/periodicolarepublica.com\/wp-content\/uploads\/2025\/01\/IMG-20250131-WA0027-150x225.jpg?v=1738341525 150w, https:\/\/periodicolarepublica.com\/wp-content\/uploads\/2025\/01\/IMG-20250131-WA0027-300x450.jpg?v=1738341525 300w, https:\/\/periodicolarepublica.com\/wp-content\/uploads\/2025\/01\/IMG-20250131-WA0027-600x900.jpg?v=1738341525 600w, https:\/\/periodicolarepublica.com\/wp-content\/uploads\/2025\/01\/IMG-20250131-WA0027-696x1044.jpg?v=1738341525 696w, https:\/\/periodicolarepublica.com\/wp-content\/uploads\/2025\/01\/IMG-20250131-WA0027-1392x2088.jpg?v=1738341525 1392w, https:\/\/periodicolarepublica.com\/wp-content\/uploads\/2025\/01\/IMG-20250131-WA0027-1068x1602.jpg?v=1738341525 1068w, https:\/\/periodicolarepublica.com\/wp-content\/uploads\/2025\/01\/IMG-20250131-WA0027-1920x2880.jpg?v=1738341525 1920w, https:\/\/periodicolarepublica.com\/wp-content\/uploads\/2025\/01\/IMG-20250131-WA0027-scaled.jpg?v=1738341525 1707w\" sizes=\"auto, (max-width: 200px) 100vw, 200px\" \/><br \/>\u201cNosotras cuando intervenimos en espacios de poder y de toma de decisiones sobre la base de lo que somos, de nuestras caracter\u00edsticas, del trabajo y de la capacitaci\u00f3n que tenemos, pues las estad\u00edsticas evidencian que somos muy efectivas. Entonces, yo apuesto a eso, a seguir, en primer lugar, construyendo sororidad\u201d, precis\u00f3.<br \/><br \/>Al hablar en el panel Nada sobre nosotras sin nosotras: mujeres en \u00e1mbitos de toma de decisi\u00f3n sobre el crecimiento y desarrollo de Am\u00e9rica Latina y el Caribe, Mej\u00eda defini\u00f3 a las mujeres como resilientes y las inst\u00f3 a construir sororidad porque saben lo dif\u00edcil que puede ser superar barreras y lograr metas.<br \/><br \/>La alcaldesa del Distrito Nacional comparti\u00f3 el panel con Wall\u00e9ria Viana Sampaio, gerenta ejecutiva de Estrategia y Gobernanza para la Sostenibilidad del Banco de Brasil, y Natalia Royo, exembajadora de Panam\u00e1 ante el Reino Unido, bajo la moderaci\u00f3n de la periodista Paula Bol\u00edvar.<br \/><br \/>\u201cA los hombres que est\u00e1n aqu\u00ed que sepan que quiz\u00e1s en sus manos est\u00e1 analizar las capacidades de hombres y mujeres para ocupar posiciones, y que ustedes podr\u00edan hacer gran la diferencia de en lo adelante darle m\u00e1s oportunidades a m\u00e1s mujeres\u201d, apunt\u00f3.<br \/><br \/>Carolina reflexion\u00f3 sobre los avances en la equidad para que las mujeres obtengan cargos de importancia. \u201cEl hecho de pensar en la equidad es pensar en c\u00f3mo hacernos posible que nosotras podamos participar\u201d.<br \/><br \/>La alcaldesa dominicana habl\u00f3 de su experiencia como servidora p\u00fablica y secretaria general del Partido Revolucionario Moderno. \u201cMe levanto con esa decisi\u00f3n de cada d\u00eda dar lo mejor de m\u00ed y dormir en paz. Y para dormir en paz, tienes que trabajar t\u00fa sabiendo que eres honrada, t\u00fa sabiendo que eres transparente, t\u00fa sabiendo que est\u00e1s dando lo mejor de ti\u201d, a\u00f1adi\u00f3.<br \/><br \/>Luego de su participaci\u00f3n en el foro, Carolina Mej\u00eda recibi\u00f3 del Instituto de Capacitaci\u00f3n Pol\u00edtica, Jur\u00eddica y Social (ICAP) un reconocimiento por su destacada disertaci\u00f3n y su inspiradora exposici\u00f3n sobre el empoderamiento femenino para la toma de decisiones enfocadas al desarrollo de los pa\u00edses.<br \/><br \/>Adem\u00e1s, Mej\u00eda agot\u00f3 una amplia agenda en el pa\u00eds centroamericano, donde se reuni\u00f3 por separado con el presidente Jos\u00e9 Ra\u00fal Mulino y con el alcalde Mayer Mizrachi, as\u00ed como con otros l\u00edderes.<\/p>\r\n","protected":false},"excerpt":{"rendered":"<p>Ponder\u00f3 la capacidad femenina e inst\u00f3 a las mujeres a construir sororidad Panam\u00e1 &#8211; La alcaldesa del Distrito Nacional, Carolina Mej\u00eda, pidi\u00f3 mayores oportunidades para el liderazgo femenino durante su participaci\u00f3n Foro Econ\u00f3mico Internacional Am\u00e9rica Latina y el Caribe, organizado por el CAF.\u201cNosotras cuando intervenimos en espacios de poder y de toma de decisiones sobre [&hellip;]<\/p>\n","protected":false},"author":10,"featured_media":2599,"comment_status":"open","ping_status":"open","sticky":false,"template":"","format":"standard","meta":{"om_disable_all_campaigns":false,"_monsterinsights_skip_tracking":false,"_monsterinsights_sitenote_active":false,"_monsterinsights_sitenote_note":"","_monsterinsights_sitenote_category":0,"footnotes":""},"categories":[1],"tags":[37],"class_list":{"0":"post-2594","1":"post","2":"type-post","3":"status-publish","4":"format-standard","5":"has-post-thumbnail","7":"category-nacionales","8":"tag-carolina-mejia"},"aioseo_notices":[],"_links":{"self":[{"href":"https:\/\/periodicolarepublica.com\/index.php\/wp-json\/wp\/v2\/posts\/2594","targetHints":{"allow":["GET"]}}],"collection":[{"href":"https:\/\/periodicolarepublica.com\/index.php\/wp-json\/wp\/v2\/posts"}],"about":[{"href":"https:\/\/periodicolarepublica.com\/index.php\/wp-json\/wp\/v2\/types\/post"}],"author":[{"embeddable":true,"href":"https:\/\/periodicolarepublica.com\/index.php\/wp-json\/wp\/v2\/users\/10"}],"replies":[{"embeddable":true,"href":"https:\/\/periodicolarepublica.com\/index.php\/wp-json\/wp\/v2\/comments?post=2594"}],"version-history":[{"count":2,"href":"https:\/\/periodicolarepublica.com\/index.php\/wp-json\/wp\/v2\/posts\/2594\/revisions"}],"predecessor-version":[{"id":2600,"href":"https:\/\/periodicolarepublica.com\/index.php\/wp-json\/wp\/v2\/posts\/2594\/revisions\/2600"}],"wp:featuredmedia":[{"embeddable":true,"href":"https:\/\/periodicolarepublica.com\/index.php\/wp-json\/wp\/v2\/media\/2599"}],"wp:attachment":[{"href":"https:\/\/periodicolarepublica.com\/index.php\/wp-json\/wp\/v2\/media?parent=2594"}],"wp:term":[{"taxonomy":"category","embeddable":true,"href":"https:\/\/periodicolarepublica.com\/index.php\/wp-json\/wp\/v2\/categories?post=2594"},{"taxonomy":"post_tag","embeddable":true,"href":"https:\/\/periodicolarepublica.com\/index.php\/wp-json\/wp\/v2\/tags?post=2594"}],"curies":[{"name":"wp","href":"https:\/\/api.w.org\/{rel}","templated":true}]}}