{"id":2598,"date":"2025-02-01T19:06:19","date_gmt":"2025-02-01T18:06:19","guid":{"rendered":"https:\/\/periodicolarepublica.com\/?p=2598"},"modified":"2025-02-01T19:06:19","modified_gmt":"2025-02-01T18:06:19","slug":"dr-victor-atallah-asiste-al-aniversario-del-prm-en-un-evento-conmemorativo","status":"publish","type":"post","link":"https:\/\/periodicolarepublica.com\/index.php\/2025\/02\/01\/dr-victor-atallah-asiste-al-aniversario-del-prm-en-un-evento-conmemorativo\/","title":{"rendered":"\u00abDr. V\u00edctor Atallah Asiste al Aniversario del PRM en un Evento Conmemorativo\u00bb"},"content":{"rendered":"\r\n<p>Santo Domingo \u2013 El Dr. V\u00edctor Atallah, Dirigente del Partido Revolucionario Moderno (PRM), particip\u00f3 hoy en la celebraci\u00f3n del d\u00e9cimo aniversario de esta organizaci\u00f3n pol\u00edtica, llevada a cabo en el Pabell\u00f3n de VolleyBall. Durante el evento, Atallah destac\u00f3 el compromiso del PRM de servir al pa\u00eds y a su gente, reafirmando el prop\u00f3sito fundamental de la organizaci\u00f3n.<br \/><img loading=\"lazy\" decoding=\"async\" class=\"size-medium wp-image-2604 alignright\" src=\"https:\/\/periodicolarepublica.com\/wp-content\/uploads\/2025\/02\/20250201_140220-266x300.jpg\" alt=\"\" width=\"266\" height=\"300\" \/><br \/>\u00abHoy celebramos una d\u00e9cada de logros y desaf\u00edos, una etapa en la que hemos crecido y aprendido juntos. Este aniversario es un momento para reflexionar sobre nuestro legado y nuestras metas futuras\u00bb, expres\u00f3 el Dr. Atallah ante una multitud de miembros y simpatizantes.<br \/><br \/>El dirigente pol\u00edtico valor\u00f3 profundamente los diez a\u00f1os de existencia del PRM, se\u00f1alando que cada uno de estos a\u00f1os ha sido una oportunidad para fortalecer los principios y valores que representan. \u00abEstamos aqu\u00ed para continuar el legado de nuestro l\u00edder, Jos\u00e9 Francisco Pe\u00f1a G\u00f3mez, quien nos ense\u00f1\u00f3 a luchar por una Rep\u00fablica Dominicana m\u00e1s justa y equitativa\u00bb.<br \/><br \/>Atallah tambi\u00e9n hizo un llamado a todos los miembros del partido a seguir este legado, instando a cada uno a convertirse en embajadores de los valores que representan. \u00abEs nuestra responsabilidad mantener viva la visi\u00f3n de Pe\u00f1a G\u00f3mez, uniendo esfuerzos para construir un futuro mejor para todos los dominicanos\u00bb, agreg\u00f3.<br \/><br \/>El Dr. Atallah no solo destac\u00f3 la importancia de la unidad dentro del partido, sino que tambi\u00e9n reconoci\u00f3 el liderazgo del presidente Luis Abinader. \u00abEl presidente nos ha mostrado el camino de la honestidad y el servicio al pueblo, y es nuestro deber seguir su ejemplo\u00bb, subray\u00f3.<br \/><br \/>La celebraci\u00f3n incluy\u00f3 discursos de varios l\u00edderes del partido, quienes compartieron sus experiencias y visiones para el futuro del PRM. El ambiente festivo estuvo acompa\u00f1ado de m\u00fasica, bailes y la participaci\u00f3n activa de los miembros de la organizaci\u00f3n.<br \/><br \/>Finalmente, el Dr. Atallah concluy\u00f3 su intervenci\u00f3n con un mensaje de esperanza y determinaci\u00f3n. \u00abJuntos, seguiremos trabajando por un pa\u00eds donde prevalezca la justicia, la igualdad y el bienestar para todos. Este es solo el comienzo de una nueva era para el PRM\u00bb.<\/p>\r\n","protected":false},"excerpt":{"rendered":"<p>Santo Domingo \u2013 El Dr. V\u00edctor Atallah, Dirigente del Partido Revolucionario Moderno (PRM), particip\u00f3 hoy en la celebraci\u00f3n del d\u00e9cimo aniversario de esta organizaci\u00f3n pol\u00edtica, llevada a cabo en el Pabell\u00f3n de VolleyBall. Durante el evento, Atallah destac\u00f3 el compromiso del PRM de servir al pa\u00eds y a su gente, reafirmando el prop\u00f3sito fundamental de [&hellip;]<\/p>\n","protected":false},"author":10,"featured_media":0,"comment_status":"open","ping_status":"open","sticky":false,"template":"","format":"standard","meta":{"om_disable_all_campaigns":false,"_monsterinsights_skip_tracking":false,"_monsterinsights_sitenote_active":false,"_monsterinsights_sitenote_note":"","_monsterinsights_sitenote_category":0,"footnotes":""},"categories":[1],"tags":[161],"class_list":{"0":"post-2598","1":"post","2":"type-post","3":"status-publish","4":"format-standard","6":"category-nacionales","7":"tag-victor-atallah"},"aioseo_notices":[],"_links":{"self":[{"href":"https:\/\/periodicolarepublica.com\/index.php\/wp-json\/wp\/v2\/posts\/2598","targetHints":{"allow":["GET"]}}],"collection":[{"href":"https:\/\/periodicolarepublica.com\/index.php\/wp-json\/wp\/v2\/posts"}],"about":[{"href":"https:\/\/periodicolarepublica.com\/index.php\/wp-json\/wp\/v2\/types\/post"}],"author":[{"embeddable":true,"href":"https:\/\/periodicolarepublica.com\/index.php\/wp-json\/wp\/v2\/users\/10"}],"replies":[{"embeddable":true,"href":"https:\/\/periodicolarepublica.com\/index.php\/wp-json\/wp\/v2\/comments?post=2598"}],"version-history":[{"count":2,"href":"https:\/\/periodicolarepublica.com\/index.php\/wp-json\/wp\/v2\/posts\/2598\/revisions"}],"predecessor-version":[{"id":2605,"href":"https:\/\/periodicolarepublica.com\/index.php\/wp-json\/wp\/v2\/posts\/2598\/revisions\/2605"}],"wp:attachment":[{"href":"https:\/\/periodicolarepublica.com\/index.php\/wp-json\/wp\/v2\/media?parent=2598"}],"wp:term":[{"taxonomy":"category","embeddable":true,"href":"https:\/\/periodicolarepublica.com\/index.php\/wp-json\/wp\/v2\/categories?post=2598"},{"taxonomy":"post_tag","embeddable":true,"href":"https:\/\/periodicolarepublica.com\/index.php\/wp-json\/wp\/v2\/tags?post=2598"}],"curies":[{"name":"wp","href":"https:\/\/api.w.org\/{rel}","templated":true}]}}