{"id":2615,"date":"2025-02-03T00:53:30","date_gmt":"2025-02-02T23:53:30","guid":{"rendered":"https:\/\/periodicolarepublica.com\/?p=2615"},"modified":"2025-02-03T00:55:34","modified_gmt":"2025-02-02T23:55:34","slug":"bartolome-pujals-y-su-legado-en-la-ogtic-por-burocracia-cero-en-rd","status":"publish","type":"post","link":"https:\/\/periodicolarepublica.com\/index.php\/2025\/02\/03\/bartolome-pujals-y-su-legado-en-la-ogtic-por-burocracia-cero-en-rd\/","title":{"rendered":"Bartolom\u00e9 Pujals y su Legado en la OGTIC por Burocracia Cero en RD"},"content":{"rendered":"<p>En el contexto de la administraci\u00f3n del presidente Luis Abinader en su primera\u00a0 gesti\u00f3n de jefe estatal, cont\u00f3 con Bartolom\u00e9 Pujals como una figura clave con los objetivos del gobierno y en frente de la Oficina de Gesti\u00f3n de Tecnolog\u00edas de la Informaci\u00f3n y Comunicaci\u00f3n (OGTIC), deja un legado de la lucha contra la burocracia cero. Con una gesti\u00f3n marcada por un enfoque decidido hacia la modernizaci\u00f3n de los servicios p\u00fablicos, un objetivo que ha resonado con fuerza en la agenda del gobierno dominicano, mientras se mantuvo al frente de dicha instituci\u00f3n.<\/p>\n<p>Desde su llegada a la OGTIC, Pujals ha impulso diversas iniciativas para transformar la interacci\u00f3n entre el Estado y los ciudadanos, facilitando el acceso a servicios gubernamentales y promoviendo la transparencia. Uno de los logros m\u00e1s destacados de su gesti\u00f3n fue la implementaci\u00f3n de plataformas digitales para la realizaci\u00f3n de tr\u00e1mites en l\u00ednea, reduciendo significativamente la necesidad de desplazamientos f\u00edsicos y tiempos de espera en oficinas gubernamentales, tambi\u00e9n permitiendo a las autoridades responder de manera m\u00e1s \u00e1gil y eficiente a las necesidades de la poblaci\u00f3n.<\/p>\n<p>Los logros de Bartolom\u00e9 Pujals en la OGTIC reflejaron un compromiso genuino con la modernizaci\u00f3n del Estado y la mejora de la calidad de vida de los dominicanos. Su trabajo contribuy\u00f3\u00a0 al gobierno de Luis Abinader y para que la Rep\u00fablica Dominicana avance hacia un modelo de gobierno m\u00e1s eficiente y accesible, alineado con las demandas de una sociedad cada vez m\u00e1s digitalizada.<\/p>\n<p><img loading=\"lazy\" decoding=\"async\" class=\"alignnone size-medium wp-image-2616\" src=\"https:\/\/periodicolarepublica.com\/wp-content\/uploads\/2025\/02\/Ogtic-en-el-ojo-del-huracan-por-acusacion-de-supuesta-violacion-a-Ley-de-Compras-y-Contrataciones-1-300x169.jpg\" alt=\"\" width=\"300\" height=\"169\" srcset=\"https:\/\/periodicolarepublica.com\/wp-content\/uploads\/2025\/02\/Ogtic-en-el-ojo-del-huracan-por-acusacion-de-supuesta-violacion-a-Ley-de-Compras-y-Contrataciones-1-300x169.jpg?v=1738540362 300w, https:\/\/periodicolarepublica.com\/wp-content\/uploads\/2025\/02\/Ogtic-en-el-ojo-del-huracan-por-acusacion-de-supuesta-violacion-a-Ley-de-Compras-y-Contrataciones-1-1024x577.jpg?v=1738540362 1024w, https:\/\/periodicolarepublica.com\/wp-content\/uploads\/2025\/02\/Ogtic-en-el-ojo-del-huracan-por-acusacion-de-supuesta-violacion-a-Ley-de-Compras-y-Contrataciones-1-768x433.jpg?v=1738540362 768w, https:\/\/periodicolarepublica.com\/wp-content\/uploads\/2025\/02\/Ogtic-en-el-ojo-del-huracan-por-acusacion-de-supuesta-violacion-a-Ley-de-Compras-y-Contrataciones-1-1536x865.jpg?v=1738540362 1536w, https:\/\/periodicolarepublica.com\/wp-content\/uploads\/2025\/02\/Ogtic-en-el-ojo-del-huracan-por-acusacion-de-supuesta-violacion-a-Ley-de-Compras-y-Contrataciones-1-150x85.jpg?v=1738540362 150w, https:\/\/periodicolarepublica.com\/wp-content\/uploads\/2025\/02\/Ogtic-en-el-ojo-del-huracan-por-acusacion-de-supuesta-violacion-a-Ley-de-Compras-y-Contrataciones-1-600x338.jpg?v=1738540362 600w, https:\/\/periodicolarepublica.com\/wp-content\/uploads\/2025\/02\/Ogtic-en-el-ojo-del-huracan-por-acusacion-de-supuesta-violacion-a-Ley-de-Compras-y-Contrataciones-1-696x392.jpg?v=1738540362 696w, https:\/\/periodicolarepublica.com\/wp-content\/uploads\/2025\/02\/Ogtic-en-el-ojo-del-huracan-por-acusacion-de-supuesta-violacion-a-Ley-de-Compras-y-Contrataciones-1-1392x784.jpg?v=1738540362 1392w, https:\/\/periodicolarepublica.com\/wp-content\/uploads\/2025\/02\/Ogtic-en-el-ojo-del-huracan-por-acusacion-de-supuesta-violacion-a-Ley-de-Compras-y-Contrataciones-1-1068x602.jpg?v=1738540362 1068w, https:\/\/periodicolarepublica.com\/wp-content\/uploads\/2025\/02\/Ogtic-en-el-ojo-del-huracan-por-acusacion-de-supuesta-violacion-a-Ley-de-Compras-y-Contrataciones-1.jpg?v=1738540362 1640w\" sizes=\"auto, (max-width: 300px) 100vw, 300px\" \/><\/p>\n","protected":false},"excerpt":{"rendered":"<p>En el contexto de la administraci\u00f3n del presidente Luis Abinader en su primera\u00a0 gesti\u00f3n de jefe estatal, cont\u00f3 con Bartolom\u00e9 Pujals como una figura clave con los objetivos del gobierno y en frente de la Oficina de Gesti\u00f3n de Tecnolog\u00edas de la Informaci\u00f3n y Comunicaci\u00f3n (OGTIC), deja un legado de la lucha contra la burocracia [&hellip;]<\/p>\n","protected":false},"author":1,"featured_media":2616,"comment_status":"open","ping_status":"open","sticky":false,"template":"","format":"standard","meta":{"om_disable_all_campaigns":false,"_monsterinsights_skip_tracking":false,"_monsterinsights_sitenote_active":false,"_monsterinsights_sitenote_note":"","_monsterinsights_sitenote_category":0,"footnotes":""},"categories":[1],"tags":[234,349,233],"class_list":{"0":"post-2615","1":"post","2":"type-post","3":"status-publish","4":"format-standard","5":"has-post-thumbnail","7":"category-nacionales","8":"tag-bartolome-pujals","9":"tag-oaci","10":"tag-ogtic-com"},"aioseo_notices":[],"_links":{"self":[{"href":"https:\/\/periodicolarepublica.com\/index.php\/wp-json\/wp\/v2\/posts\/2615","targetHints":{"allow":["GET"]}}],"collection":[{"href":"https:\/\/periodicolarepublica.com\/index.php\/wp-json\/wp\/v2\/posts"}],"about":[{"href":"https:\/\/periodicolarepublica.com\/index.php\/wp-json\/wp\/v2\/types\/post"}],"author":[{"embeddable":true,"href":"https:\/\/periodicolarepublica.com\/index.php\/wp-json\/wp\/v2\/users\/1"}],"replies":[{"embeddable":true,"href":"https:\/\/periodicolarepublica.com\/index.php\/wp-json\/wp\/v2\/comments?post=2615"}],"version-history":[{"count":3,"href":"https:\/\/periodicolarepublica.com\/index.php\/wp-json\/wp\/v2\/posts\/2615\/revisions"}],"predecessor-version":[{"id":2619,"href":"https:\/\/periodicolarepublica.com\/index.php\/wp-json\/wp\/v2\/posts\/2615\/revisions\/2619"}],"wp:featuredmedia":[{"embeddable":true,"href":"https:\/\/periodicolarepublica.com\/index.php\/wp-json\/wp\/v2\/media\/2616"}],"wp:attachment":[{"href":"https:\/\/periodicolarepublica.com\/index.php\/wp-json\/wp\/v2\/media?parent=2615"}],"wp:term":[{"taxonomy":"category","embeddable":true,"href":"https:\/\/periodicolarepublica.com\/index.php\/wp-json\/wp\/v2\/categories?post=2615"},{"taxonomy":"post_tag","embeddable":true,"href":"https:\/\/periodicolarepublica.com\/index.php\/wp-json\/wp\/v2\/tags?post=2615"}],"curies":[{"name":"wp","href":"https:\/\/api.w.org\/{rel}","templated":true}]}}