{"id":2620,"date":"2025-02-03T06:05:36","date_gmt":"2025-02-03T05:05:36","guid":{"rendered":"https:\/\/periodicolarepublica.com\/?p=2620"},"modified":"2025-02-03T06:05:36","modified_gmt":"2025-02-03T05:05:36","slug":"digesett-incorpora-vehiculo-electrico-para-la-seguridad-vial-en-la-zona-colonial","status":"publish","type":"post","link":"https:\/\/periodicolarepublica.com\/index.php\/2025\/02\/03\/digesett-incorpora-vehiculo-electrico-para-la-seguridad-vial-en-la-zona-colonial\/","title":{"rendered":"DIGESETT incorpora veh\u00edculo el\u00e9ctrico para la seguridad vial en la Zona Colonial"},"content":{"rendered":"<p>El director de la Direcci\u00f3n General de Seguridad de Tr\u00e1nsito y Transporte Terrestre (DIGESETT), general Francisco Osoria de la Cruz, P.N., anunci\u00f3 hoy la implementaci\u00f3n de un carro el\u00e9ctrico para seguir mejorando la seguridad vial en la emblem\u00e1tica Zona Colonial. Esta incorporaci\u00f3n de veh\u00edculo el\u00e9ctrico se suma a las patinetas el\u00e9ctricas, con la finalidad de reforzar la vigilancia y el control del tr\u00e1nsito en esta \u00e1rea hist\u00f3rica y tur\u00edstica del pa\u00eds.<\/p>\n<p>Durante una rueda de prensa, el general Osoria junto al empresario Billy Rafael Romero, explic\u00f3 que el uso de un carro el\u00e9ctrico representa un avance significativo en la modernizaci\u00f3n de las operaciones de la DIGESETT, as\u00ed como un compromiso con la sostenibilidad y el respeto al medio ambiente. Este veh\u00edculo no solo ser\u00e1 una herramienta eficaz para patrullar las calles de la Zona Colonial, sino que tambi\u00e9n contribuir\u00e1 a reducir la huella de carbono en una de las zonas m\u00e1s visitadas de la Rep\u00fablica Dominicana.<\/p>\n<p><img loading=\"lazy\" decoding=\"async\" class=\"alignnone size-medium wp-image-2621\" src=\"https:\/\/periodicolarepublica.com\/wp-content\/uploads\/2025\/02\/IMG-20250129-WA0314-300x200.jpg\" alt=\"\" width=\"300\" height=\"200\" srcset=\"https:\/\/periodicolarepublica.com\/wp-content\/uploads\/2025\/02\/IMG-20250129-WA0314-300x200.jpg?v=1738559031 300w, https:\/\/periodicolarepublica.com\/wp-content\/uploads\/2025\/02\/IMG-20250129-WA0314-1024x682.jpg?v=1738559031 1024w, https:\/\/periodicolarepublica.com\/wp-content\/uploads\/2025\/02\/IMG-20250129-WA0314-768x512.jpg?v=1738559031 768w, https:\/\/periodicolarepublica.com\/wp-content\/uploads\/2025\/02\/IMG-20250129-WA0314-1536x1023.jpg?v=1738559031 1536w, https:\/\/periodicolarepublica.com\/wp-content\/uploads\/2025\/02\/IMG-20250129-WA0314-150x100.jpg?v=1738559031 150w, https:\/\/periodicolarepublica.com\/wp-content\/uploads\/2025\/02\/IMG-20250129-WA0314-600x400.jpg?v=1738559031 600w, https:\/\/periodicolarepublica.com\/wp-content\/uploads\/2025\/02\/IMG-20250129-WA0314-696x464.jpg?v=1738559031 696w, https:\/\/periodicolarepublica.com\/wp-content\/uploads\/2025\/02\/IMG-20250129-WA0314-1392x927.jpg?v=1738559031 1392w, https:\/\/periodicolarepublica.com\/wp-content\/uploads\/2025\/02\/IMG-20250129-WA0314-1068x712.jpg?v=1738559031 1068w, https:\/\/periodicolarepublica.com\/wp-content\/uploads\/2025\/02\/IMG-20250129-WA0314.jpg?v=1738559031 1600w\" sizes=\"auto, (max-width: 300px) 100vw, 300px\" \/><\/p>\n","protected":false},"excerpt":{"rendered":"<p>El director de la Direcci\u00f3n General de Seguridad de Tr\u00e1nsito y Transporte Terrestre (DIGESETT), general Francisco Osoria de la Cruz, P.N., anunci\u00f3 hoy la implementaci\u00f3n de un carro el\u00e9ctrico para seguir mejorando la seguridad vial en la emblem\u00e1tica Zona Colonial. Esta incorporaci\u00f3n de veh\u00edculo el\u00e9ctrico se suma a las patinetas el\u00e9ctricas, con la finalidad de [&hellip;]<\/p>\n","protected":false},"author":6,"featured_media":2621,"comment_status":"open","ping_status":"open","sticky":false,"template":"","format":"standard","meta":{"om_disable_all_campaigns":false,"_monsterinsights_skip_tracking":false,"_monsterinsights_sitenote_active":false,"_monsterinsights_sitenote_note":"","_monsterinsights_sitenote_category":0,"footnotes":""},"categories":[1],"tags":[],"class_list":{"0":"post-2620","1":"post","2":"type-post","3":"status-publish","4":"format-standard","5":"has-post-thumbnail","7":"category-nacionales"},"aioseo_notices":[],"_links":{"self":[{"href":"https:\/\/periodicolarepublica.com\/index.php\/wp-json\/wp\/v2\/posts\/2620","targetHints":{"allow":["GET"]}}],"collection":[{"href":"https:\/\/periodicolarepublica.com\/index.php\/wp-json\/wp\/v2\/posts"}],"about":[{"href":"https:\/\/periodicolarepublica.com\/index.php\/wp-json\/wp\/v2\/types\/post"}],"author":[{"embeddable":true,"href":"https:\/\/periodicolarepublica.com\/index.php\/wp-json\/wp\/v2\/users\/6"}],"replies":[{"embeddable":true,"href":"https:\/\/periodicolarepublica.com\/index.php\/wp-json\/wp\/v2\/comments?post=2620"}],"version-history":[{"count":1,"href":"https:\/\/periodicolarepublica.com\/index.php\/wp-json\/wp\/v2\/posts\/2620\/revisions"}],"predecessor-version":[{"id":2622,"href":"https:\/\/periodicolarepublica.com\/index.php\/wp-json\/wp\/v2\/posts\/2620\/revisions\/2622"}],"wp:featuredmedia":[{"embeddable":true,"href":"https:\/\/periodicolarepublica.com\/index.php\/wp-json\/wp\/v2\/media\/2621"}],"wp:attachment":[{"href":"https:\/\/periodicolarepublica.com\/index.php\/wp-json\/wp\/v2\/media?parent=2620"}],"wp:term":[{"taxonomy":"category","embeddable":true,"href":"https:\/\/periodicolarepublica.com\/index.php\/wp-json\/wp\/v2\/categories?post=2620"},{"taxonomy":"post_tag","embeddable":true,"href":"https:\/\/periodicolarepublica.com\/index.php\/wp-json\/wp\/v2\/tags?post=2620"}],"curies":[{"name":"wp","href":"https:\/\/api.w.org\/{rel}","templated":true}]}}