{"id":2624,"date":"2025-02-04T22:25:18","date_gmt":"2025-02-04T21:25:18","guid":{"rendered":"https:\/\/periodicolarepublica.com\/?p=2624"},"modified":"2025-02-04T22:25:18","modified_gmt":"2025-02-04T21:25:18","slug":"robert-polanco-promete-seguir-impulsando-acciones-sociales-en-beneficio-de-los-mas-vulnerables-del-pais","status":"publish","type":"post","link":"https:\/\/periodicolarepublica.com\/index.php\/2025\/02\/04\/robert-polanco-promete-seguir-impulsando-acciones-sociales-en-beneficio-de-los-mas-vulnerables-del-pais\/","title":{"rendered":"Robert Polanco promete seguir impulsando acciones sociales en beneficio de los m\u00e1s vulnerables del pa\u00eds"},"content":{"rendered":"\r\n<p>El funcionario asumi\u00f3 este martes como nuevo director de Propeep<br \/><br \/>Santo Domingo, RD -Robert Polanco asumi\u00f3 este martes como nuevo director de la Direcci\u00f3n de los Proyectos Estrat\u00e9gicos y Especiales de la Presidencia (Propeep) y prometi\u00f3 continuar impulsando las pol\u00edticas p\u00fablicas y sociales que est\u00e1 llevando a cabo el presidente Luis Abinader.<br \/><img loading=\"lazy\" decoding=\"async\" class=\"size-medium wp-image-2629 alignright\" src=\"https:\/\/periodicolarepublica.com\/wp-content\/uploads\/2025\/02\/IMG-20250204-WA0046-300x200.jpg\" alt=\"\" width=\"300\" height=\"200\" srcset=\"https:\/\/periodicolarepublica.com\/wp-content\/uploads\/2025\/02\/IMG-20250204-WA0046-300x200.jpg?v=1738704226 300w, https:\/\/periodicolarepublica.com\/wp-content\/uploads\/2025\/02\/IMG-20250204-WA0046-1024x683.jpg?v=1738704226 1024w, https:\/\/periodicolarepublica.com\/wp-content\/uploads\/2025\/02\/IMG-20250204-WA0046-768x512.jpg?v=1738704226 768w, https:\/\/periodicolarepublica.com\/wp-content\/uploads\/2025\/02\/IMG-20250204-WA0046-1536x1025.jpg?v=1738704226 1536w, https:\/\/periodicolarepublica.com\/wp-content\/uploads\/2025\/02\/IMG-20250204-WA0046-2048x1366.jpg?v=1738704226 2048w, https:\/\/periodicolarepublica.com\/wp-content\/uploads\/2025\/02\/IMG-20250204-WA0046-150x100.jpg?v=1738704226 150w, https:\/\/periodicolarepublica.com\/wp-content\/uploads\/2025\/02\/IMG-20250204-WA0046-600x400.jpg?v=1738704226 600w, https:\/\/periodicolarepublica.com\/wp-content\/uploads\/2025\/02\/IMG-20250204-WA0046-696x464.jpg?v=1738704226 696w, https:\/\/periodicolarepublica.com\/wp-content\/uploads\/2025\/02\/IMG-20250204-WA0046-1392x929.jpg?v=1738704226 1392w, https:\/\/periodicolarepublica.com\/wp-content\/uploads\/2025\/02\/IMG-20250204-WA0046-1068x712.jpg?v=1738704226 1068w, https:\/\/periodicolarepublica.com\/wp-content\/uploads\/2025\/02\/IMG-20250204-WA0046-1920x1281.jpg?v=1738704226 1920w\" sizes=\"auto, (max-width: 300px) 100vw, 300px\" \/><br \/>Tras tomar posesi\u00f3n del cargo, Polanco asegur\u00f3 que continuar\u00e1 trabajando con el mismo enfoque para fortalecer las acciones sociales, que sirvan para mejorar la calidad de vida de los dominicanos que viven en condici\u00f3n de vulnerabilidad.<br \/><br \/>Durante la toma de posesi\u00f3n estuvo presente Roberto \u00c1ngel Salcedo, anterior director de la instituci\u00f3n, quien fue designado Ministro de Cultura.<br \/><br \/>Tambi\u00e9n, estuvo acompa\u00f1ado de su esposa Katy Nova; del presidente de la Comisi\u00f3n Presidencial de Desarrollo Barrial, Rolfy Rojas; entre otras personalidades. <br \/><br \/>El nuevo titular de Propeep, prometi\u00f3 continuar el trabajo que la instituci\u00f3n ha estado desarrollando en todo el pa\u00eds, en favor de los sectores m\u00e1s empobrecidos del pa\u00eds.<br \/><br \/>Polanco pidi\u00f3 a los colaboradores de Propeep seguir con el mismo entusiasmo y empe\u00f1o, a fin de mantener la buena imagen de la instituci\u00f3n y para que las acciones sociales contin\u00faen llegando a las comunidades con mayores necesidades de Rep\u00fablica Dominicana. <br \/><br \/>*Sobre Robert Polanco*<br \/><br \/>Robert Polanco Tejada es licenciado en Derecho de la Universidad Aut\u00f3noma de Santo Domingo (UASD), posee especialidad en derecho civil, una maestr\u00eda en Derecho Civil y Procedimiento Civil, as\u00ed como varios diplomados en gerencia, liderazgo, entre otros temas.<br \/><br \/>Fue secretario de Estado de la Juventud en el gobierno de Hip\u00f3lito Mej\u00eda, presidente de la Federaci\u00f3n de Estudiantes Dominicanos (FED) y secretario general del Frente Estudiantil Socialista Democr\u00e1tico (FESD).<br \/><br \/>En la UASD se ha desempe\u00f1ado como director de la Torre del Estudiante, subdirector de la Oficina de Libre Acceso a la Informaci\u00f3n P\u00fablica, administrador del Economato Universitario y abogado de la Consultor\u00eda Jur\u00eddica.<br \/><br \/>Desempe\u00f1\u00f3 el cargo de c\u00f3nsul general en Panam\u00e1, donde trabaj\u00f3 de forma ardua por la comunidad dominicana en esa naci\u00f3n, animando a los j\u00f3venes dominicanos a construir un futuro digno en el exterior y a dejar una huella de singularidad y autenticidad laboral en la atenci\u00f3n que le trasmite a la comunidad en el servicio brindando.<br \/><br \/>Polanco fue designado como director general de Propeep, mediante el Decreto 48-25, emitido este domingo por el presidente Luis Abinader.<\/p>\r\n","protected":false},"excerpt":{"rendered":"<p>El funcionario asumi\u00f3 este martes como nuevo director de Propeep Santo Domingo, RD -Robert Polanco asumi\u00f3 este martes como nuevo director de la Direcci\u00f3n de los Proyectos Estrat\u00e9gicos y Especiales de la Presidencia (Propeep) y prometi\u00f3 continuar impulsando las pol\u00edticas p\u00fablicas y sociales que est\u00e1 llevando a cabo el presidente Luis Abinader.Tras tomar posesi\u00f3n del [&hellip;]<\/p>\n","protected":false},"author":10,"featured_media":2629,"comment_status":"open","ping_status":"open","sticky":false,"template":"","format":"standard","meta":{"om_disable_all_campaigns":false,"_monsterinsights_skip_tracking":false,"_monsterinsights_sitenote_active":false,"_monsterinsights_sitenote_note":"","_monsterinsights_sitenote_category":0,"footnotes":""},"categories":[1],"tags":[],"class_list":{"0":"post-2624","1":"post","2":"type-post","3":"status-publish","4":"format-standard","5":"has-post-thumbnail","7":"category-nacionales"},"aioseo_notices":[],"_links":{"self":[{"href":"https:\/\/periodicolarepublica.com\/index.php\/wp-json\/wp\/v2\/posts\/2624","targetHints":{"allow":["GET"]}}],"collection":[{"href":"https:\/\/periodicolarepublica.com\/index.php\/wp-json\/wp\/v2\/posts"}],"about":[{"href":"https:\/\/periodicolarepublica.com\/index.php\/wp-json\/wp\/v2\/types\/post"}],"author":[{"embeddable":true,"href":"https:\/\/periodicolarepublica.com\/index.php\/wp-json\/wp\/v2\/users\/10"}],"replies":[{"embeddable":true,"href":"https:\/\/periodicolarepublica.com\/index.php\/wp-json\/wp\/v2\/comments?post=2624"}],"version-history":[{"count":2,"href":"https:\/\/periodicolarepublica.com\/index.php\/wp-json\/wp\/v2\/posts\/2624\/revisions"}],"predecessor-version":[{"id":2630,"href":"https:\/\/periodicolarepublica.com\/index.php\/wp-json\/wp\/v2\/posts\/2624\/revisions\/2630"}],"wp:featuredmedia":[{"embeddable":true,"href":"https:\/\/periodicolarepublica.com\/index.php\/wp-json\/wp\/v2\/media\/2629"}],"wp:attachment":[{"href":"https:\/\/periodicolarepublica.com\/index.php\/wp-json\/wp\/v2\/media?parent=2624"}],"wp:term":[{"taxonomy":"category","embeddable":true,"href":"https:\/\/periodicolarepublica.com\/index.php\/wp-json\/wp\/v2\/categories?post=2624"},{"taxonomy":"post_tag","embeddable":true,"href":"https:\/\/periodicolarepublica.com\/index.php\/wp-json\/wp\/v2\/tags?post=2624"}],"curies":[{"name":"wp","href":"https:\/\/api.w.org\/{rel}","templated":true}]}}