{"id":2628,"date":"2025-02-05T01:22:22","date_gmt":"2025-02-05T00:22:22","guid":{"rendered":"https:\/\/periodicolarepublica.com\/?p=2628"},"modified":"2025-02-05T01:22:22","modified_gmt":"2025-02-05T00:22:22","slug":"el-ministro-de-salud-publica-dr-victor-atallah-anuncia-la-incorporacion-de-74-nuevos-medicamentos-al-cuadro-basico","status":"publish","type":"post","link":"https:\/\/periodicolarepublica.com\/index.php\/2025\/02\/05\/el-ministro-de-salud-publica-dr-victor-atallah-anuncia-la-incorporacion-de-74-nuevos-medicamentos-al-cuadro-basico\/","title":{"rendered":"El Ministro de Salud P\u00fablica, Dr. V\u00edctor Atallah, Anuncia la Incorporaci\u00f3n de 74 Nuevos Medicamentos al Cuadro B\u00e1sico"},"content":{"rendered":"\r\n<p>Santo Domingo- En una rueda de prensa celebrada esta tarde, el Ministro de Salud P\u00fablica, Dr. V\u00edctor Atallah, confirm\u00f3 la incorporaci\u00f3n de 74 nuevos medicamentos al cuadro b\u00e1sico, una medida que busca mejorar el acceso a tratamientos de calidad para la poblaci\u00f3n dominicana. Esta adici\u00f3n es parte del compromiso del ministro de garantizar la salud y el bienestar de todos los ciudadanos.<br \/><img loading=\"lazy\" decoding=\"async\" class=\"size-medium wp-image-2303 alignright\" src=\"https:\/\/periodicolarepublica.com\/wp-content\/uploads\/2024\/12\/IMG-20241015-WA0082-300x200.jpg\" alt=\"\" width=\"300\" height=\"200\" srcset=\"https:\/\/periodicolarepublica.com\/wp-content\/uploads\/2024\/12\/IMG-20241015-WA0082-300x200.jpg?v=1733484509 300w, https:\/\/periodicolarepublica.com\/wp-content\/uploads\/2024\/12\/IMG-20241015-WA0082-1024x683.jpg?v=1733484509 1024w, https:\/\/periodicolarepublica.com\/wp-content\/uploads\/2024\/12\/IMG-20241015-WA0082-768x512.jpg?v=1733484509 768w, https:\/\/periodicolarepublica.com\/wp-content\/uploads\/2024\/12\/IMG-20241015-WA0082-1536x1024.jpg?v=1733484509 1536w, https:\/\/periodicolarepublica.com\/wp-content\/uploads\/2024\/12\/IMG-20241015-WA0082-150x100.jpg?v=1733484509 150w, https:\/\/periodicolarepublica.com\/wp-content\/uploads\/2024\/12\/IMG-20241015-WA0082-600x400.jpg?v=1733484509 600w, https:\/\/periodicolarepublica.com\/wp-content\/uploads\/2024\/12\/IMG-20241015-WA0082-696x464.jpg?v=1733484509 696w, https:\/\/periodicolarepublica.com\/wp-content\/uploads\/2024\/12\/IMG-20241015-WA0082-1392x928.jpg?v=1733484509 1392w, https:\/\/periodicolarepublica.com\/wp-content\/uploads\/2024\/12\/IMG-20241015-WA0082-1068x712.jpg?v=1733484509 1068w, https:\/\/periodicolarepublica.com\/wp-content\/uploads\/2024\/12\/IMG-20241015-WA0082.jpg?v=1733484509 1600w\" sizes=\"auto, (max-width: 300px) 100vw, 300px\" \/><br \/>El Dr. Atallah destac\u00f3 que esta iniciativa es un reflejo del trabajo incansable que su gesti\u00f3n ha realizado desde el momento en que asumi\u00f3 el cargo. \u00abDesde el primer d\u00eda, jur\u00e9 que mi prioridad ser\u00eda mejorar la salud de todos los dominicanos. Hoy, con la inclusi\u00f3n de estos nuevos medicamentos, estamos un paso m\u00e1s cerca de cumplir esa promesa\u00bb, afirm\u00f3.<br \/><br \/>Los nuevos medicamentos abarcan una variedad de tratamientos, incluyendo aquellos para enfermedades cr\u00f3nicas y condiciones de salud que afectan a un gran n\u00famero de dominicanos. Con esta acci\u00f3n, el Ministerio de Salud P\u00fablica busca asegurar que m\u00e1s personas puedan acceder a los tratamientos que necesitan sin enfrentar barreras econ\u00f3micas.<br \/><br \/>El ministro tambi\u00e9n subray\u00f3 la importancia de la colaboraci\u00f3n entre el gobierno y el sector asegurador para lograr este objetivo. \u00abEs fundamental trabajar de la mano con los laboratorios y distribuidores para garantizar no solo la disponibilidad, sino tambi\u00e9n la calidad de los medicamentos\u00bb, indic\u00f3.<br \/><br \/>Adem\u00e1s, el Dr. Atallah mencion\u00f3 que se implementar\u00e1n campa\u00f1as de concientizaci\u00f3n para informar a la poblaci\u00f3n sobre los nuevos medicamentos disponibles y su correcto uso. \u00abQueremos que todos los dominicanos est\u00e9n bien informados y puedan aprovechar al m\u00e1ximo los beneficios de este avance en nuestra salud p\u00fablica\u00bb, agreg\u00f3.<br \/><br \/>La incorporaci\u00f3n de estos medicamentos al cuadro b\u00e1sico es un logro significativo en la agenda de salud del pa\u00eds, y se enmarca dentro de un plan m\u00e1s amplio para fortalecer el sistema de salud en la Rep\u00fablica Dominicana. \u00abEste es solo el comienzo; seguiremos trabajando para asegurar que la salud sea un derecho accesible para todos\u00bb, concluy\u00f3 el ministro.<br \/><br \/>El Ministerio de Salud P\u00fablica reafirma su compromiso con la mejora continua de la atenci\u00f3n sanitaria y el bienestar de la poblaci\u00f3n, y seguir\u00e1 implementando medidas que garanticen el acceso a medicamentos esenciales y de calidad.<\/p>\r\n","protected":false},"excerpt":{"rendered":"<p>Santo Domingo- En una rueda de prensa celebrada esta tarde, el Ministro de Salud P\u00fablica, Dr. V\u00edctor Atallah, confirm\u00f3 la incorporaci\u00f3n de 74 nuevos medicamentos al cuadro b\u00e1sico, una medida que busca mejorar el acceso a tratamientos de calidad para la poblaci\u00f3n dominicana. Esta adici\u00f3n es parte del compromiso del ministro de garantizar la salud [&hellip;]<\/p>\n","protected":false},"author":10,"featured_media":2303,"comment_status":"open","ping_status":"open","sticky":false,"template":"","format":"standard","meta":{"om_disable_all_campaigns":false,"_monsterinsights_skip_tracking":false,"_monsterinsights_sitenote_active":false,"_monsterinsights_sitenote_note":"","_monsterinsights_sitenote_category":0,"footnotes":""},"categories":[1],"tags":[159],"class_list":{"0":"post-2628","1":"post","2":"type-post","3":"status-publish","4":"format-standard","5":"has-post-thumbnail","7":"category-nacionales","8":"tag-ministro-de-salud-publica-victor-atallah"},"aioseo_notices":[],"_links":{"self":[{"href":"https:\/\/periodicolarepublica.com\/index.php\/wp-json\/wp\/v2\/posts\/2628","targetHints":{"allow":["GET"]}}],"collection":[{"href":"https:\/\/periodicolarepublica.com\/index.php\/wp-json\/wp\/v2\/posts"}],"about":[{"href":"https:\/\/periodicolarepublica.com\/index.php\/wp-json\/wp\/v2\/types\/post"}],"author":[{"embeddable":true,"href":"https:\/\/periodicolarepublica.com\/index.php\/wp-json\/wp\/v2\/users\/10"}],"replies":[{"embeddable":true,"href":"https:\/\/periodicolarepublica.com\/index.php\/wp-json\/wp\/v2\/comments?post=2628"}],"version-history":[{"count":2,"href":"https:\/\/periodicolarepublica.com\/index.php\/wp-json\/wp\/v2\/posts\/2628\/revisions"}],"predecessor-version":[{"id":2633,"href":"https:\/\/periodicolarepublica.com\/index.php\/wp-json\/wp\/v2\/posts\/2628\/revisions\/2633"}],"wp:featuredmedia":[{"embeddable":true,"href":"https:\/\/periodicolarepublica.com\/index.php\/wp-json\/wp\/v2\/media\/2303"}],"wp:attachment":[{"href":"https:\/\/periodicolarepublica.com\/index.php\/wp-json\/wp\/v2\/media?parent=2628"}],"wp:term":[{"taxonomy":"category","embeddable":true,"href":"https:\/\/periodicolarepublica.com\/index.php\/wp-json\/wp\/v2\/categories?post=2628"},{"taxonomy":"post_tag","embeddable":true,"href":"https:\/\/periodicolarepublica.com\/index.php\/wp-json\/wp\/v2\/tags?post=2628"}],"curies":[{"name":"wp","href":"https:\/\/api.w.org\/{rel}","templated":true}]}}