{"id":2632,"date":"2025-02-06T22:51:42","date_gmt":"2025-02-06T21:51:42","guid":{"rendered":"https:\/\/periodicolarepublica.com\/?p=2632"},"modified":"2025-02-06T22:51:42","modified_gmt":"2025-02-06T21:51:42","slug":"eco5rd-conmemora-su-segundo-aniversario-con-logros-e-impacto-social","status":"publish","type":"post","link":"https:\/\/periodicolarepublica.com\/index.php\/2025\/02\/06\/eco5rd-conmemora-su-segundo-aniversario-con-logros-e-impacto-social\/","title":{"rendered":"ECO5RD conmemora su segundo aniversario con logros e impacto social"},"content":{"rendered":"\r\n<p>Santo Domingo, RD. La unidad ejecutora de la Presidencia de la Rep\u00fablica, ECO5RD, conmemor\u00f3 este jueves su segundo aniversario con una misa de acci\u00f3n de gracias, en la que estuvieron presentes aliados, colaboradores e invitados especiales. Durante el evento, se presentaron los logros alcanzados, el fortalecimiento institucional y el impacto social generado en estos dos a\u00f1os de trabajo.<br \/><img loading=\"lazy\" decoding=\"async\" class=\"size-medium wp-image-2655 alignright\" src=\"https:\/\/periodicolarepublica.com\/wp-content\/uploads\/2025\/02\/IMG-20250206-WA0067-300x169.jpg\" alt=\"\" width=\"300\" height=\"169\" srcset=\"https:\/\/periodicolarepublica.com\/wp-content\/uploads\/2025\/02\/IMG-20250206-WA0067-300x169.jpg?v=1738878685 300w, https:\/\/periodicolarepublica.com\/wp-content\/uploads\/2025\/02\/IMG-20250206-WA0067-1024x576.jpg?v=1738878685 1024w, https:\/\/periodicolarepublica.com\/wp-content\/uploads\/2025\/02\/IMG-20250206-WA0067-768x432.jpg?v=1738878685 768w, https:\/\/periodicolarepublica.com\/wp-content\/uploads\/2025\/02\/IMG-20250206-WA0067-1536x864.jpg?v=1738878685 1536w, https:\/\/periodicolarepublica.com\/wp-content\/uploads\/2025\/02\/IMG-20250206-WA0067-150x84.jpg?v=1738878685 150w, https:\/\/periodicolarepublica.com\/wp-content\/uploads\/2025\/02\/IMG-20250206-WA0067-600x338.jpg?v=1738878685 600w, https:\/\/periodicolarepublica.com\/wp-content\/uploads\/2025\/02\/IMG-20250206-WA0067-696x392.jpg?v=1738878685 696w, https:\/\/periodicolarepublica.com\/wp-content\/uploads\/2025\/02\/IMG-20250206-WA0067-1392x783.jpg?v=1738878685 1392w, https:\/\/periodicolarepublica.com\/wp-content\/uploads\/2025\/02\/IMG-20250206-WA0067-1068x601.jpg?v=1738878685 1068w, https:\/\/periodicolarepublica.com\/wp-content\/uploads\/2025\/02\/IMG-20250206-WA0067.jpg?v=1738878685 1600w\" sizes=\"auto, (max-width: 300px) 100vw, 300px\" \/><br \/>Desde su creaci\u00f3n, ECO5RD ha demostrado una notable transformaci\u00f3n, apoyando a los gobiernos locales bajo la direcci\u00f3n del presidente de la Rep\u00fablica, Luis Abinader.<br \/><br \/>Es importante resaltar que esta instituci\u00f3n ha tenido un impacto positivo en la vida de miles de dominicanos, promoviendo la protecci\u00f3n del medioambiente y retirando de las calles y avenidas del pa\u00eds miles de toneladas de desechos s\u00f3lidos, as\u00ed como escombros que da\u00f1an el pavimento.<br \/><br \/>Asimismo, ECO5RD ha llevado a cabo m\u00faltiples operativos de limpieza en diferentes municipios y distritos municipales, brindando apoyo a los alcaldes en la recolecci\u00f3n de desechos s\u00f3lidos de sus comunidades.<br \/><br \/>En su intervenci\u00f3n, el director ejecutivo de ECO5RD, Carlos Pellerano, destac\u00f3 que los logros alcanzados reflejan el arduo trabajo y la eficiencia de la instituci\u00f3n. Mencion\u00f3, la intervenci\u00f3n en los vertederos de La Vega, Bonao, Haina, Saman\u00e1, Las Terrenas y Nagua, as\u00ed como la construcci\u00f3n de estaciones de transferencia en los municipios de Saman\u00e1, Nagua y Las Terrenas. Estas acciones han permitido gestionar m\u00e1s de 665,500 toneladas de residuos s\u00f3lidos, impactando de manera positiva la calidad de vida de los m\u00e1s de un mill\u00f3n habitantes de estas localidades y promoviendo la econom\u00eda circular en las zonas intervenidas.<br \/><br \/>Adem\u00e1s de la intervenci\u00f3n en vertederos, ECO5RD ha implementado el Programa de Unidad Gubernamental de R\u00e1pida Acci\u00f3n (UGRA), cuyo objetivo es dar respuestas inmediatas a los problemas que afectan a las comunidades, especialmente en situaciones de desastres naturales o fen\u00f3menos atmosf\u00e9ricos.<br \/><br \/>Carlos Pellerano afirm\u00f3 que, a trav\u00e9s de esta unidad, se ha logrado beneficiar a m\u00e1s de 700,000 personas en diversas provincias, municipios y distritos municipales del pa\u00eds, contribuyendo a la eliminaci\u00f3n de focos de contaminaci\u00f3n y la promoci\u00f3n de espacios p\u00fablicos limpios.<br \/><br \/>Finalmente, el director ejecutivo de ECO5RD agradeci\u00f3 el apoyo de todos los colaboradores de la instituci\u00f3n, reconociendo que, sin el esfuerzo y trabajo incondicional de cada uno de ellos, los logros de estos dos a\u00f1os no habr\u00edan sido posibles.<\/p>\r\n","protected":false},"excerpt":{"rendered":"<p>Santo Domingo, RD. La unidad ejecutora de la Presidencia de la Rep\u00fablica, ECO5RD, conmemor\u00f3 este jueves su segundo aniversario con una misa de acci\u00f3n de gracias, en la que estuvieron presentes aliados, colaboradores e invitados especiales. Durante el evento, se presentaron los logros alcanzados, el fortalecimiento institucional y el impacto social generado en estos dos [&hellip;]<\/p>\n","protected":false},"author":10,"featured_media":2655,"comment_status":"open","ping_status":"open","sticky":false,"template":"","format":"standard","meta":{"om_disable_all_campaigns":false,"_monsterinsights_skip_tracking":false,"_monsterinsights_sitenote_active":false,"_monsterinsights_sitenote_note":"","_monsterinsights_sitenote_category":0,"footnotes":""},"categories":[1],"tags":[],"class_list":{"0":"post-2632","1":"post","2":"type-post","3":"status-publish","4":"format-standard","5":"has-post-thumbnail","7":"category-nacionales"},"aioseo_notices":[],"_links":{"self":[{"href":"https:\/\/periodicolarepublica.com\/index.php\/wp-json\/wp\/v2\/posts\/2632","targetHints":{"allow":["GET"]}}],"collection":[{"href":"https:\/\/periodicolarepublica.com\/index.php\/wp-json\/wp\/v2\/posts"}],"about":[{"href":"https:\/\/periodicolarepublica.com\/index.php\/wp-json\/wp\/v2\/types\/post"}],"author":[{"embeddable":true,"href":"https:\/\/periodicolarepublica.com\/index.php\/wp-json\/wp\/v2\/users\/10"}],"replies":[{"embeddable":true,"href":"https:\/\/periodicolarepublica.com\/index.php\/wp-json\/wp\/v2\/comments?post=2632"}],"version-history":[{"count":2,"href":"https:\/\/periodicolarepublica.com\/index.php\/wp-json\/wp\/v2\/posts\/2632\/revisions"}],"predecessor-version":[{"id":2656,"href":"https:\/\/periodicolarepublica.com\/index.php\/wp-json\/wp\/v2\/posts\/2632\/revisions\/2656"}],"wp:featuredmedia":[{"embeddable":true,"href":"https:\/\/periodicolarepublica.com\/index.php\/wp-json\/wp\/v2\/media\/2655"}],"wp:attachment":[{"href":"https:\/\/periodicolarepublica.com\/index.php\/wp-json\/wp\/v2\/media?parent=2632"}],"wp:term":[{"taxonomy":"category","embeddable":true,"href":"https:\/\/periodicolarepublica.com\/index.php\/wp-json\/wp\/v2\/categories?post=2632"},{"taxonomy":"post_tag","embeddable":true,"href":"https:\/\/periodicolarepublica.com\/index.php\/wp-json\/wp\/v2\/tags?post=2632"}],"curies":[{"name":"wp","href":"https:\/\/api.w.org\/{rel}","templated":true}]}}