{"id":2634,"date":"2025-02-05T05:59:23","date_gmt":"2025-02-05T04:59:23","guid":{"rendered":"https:\/\/periodicolarepublica.com\/?p=2634"},"modified":"2025-02-05T05:59:23","modified_gmt":"2025-02-05T04:59:23","slug":"boca-chica-brilla-en-fitur-2025-con-vista-marina-residence","status":"publish","type":"post","link":"https:\/\/periodicolarepublica.com\/index.php\/2025\/02\/05\/boca-chica-brilla-en-fitur-2025-con-vista-marina-residence\/","title":{"rendered":"Boca Chica brilla en FITUR 2025 con Vista Marina Residence"},"content":{"rendered":"<p>Los proyectos inmobiliarios tur\u00edsticos consolidan el posicionamiento del destino en el mercado internacional<\/p>\n<p>Santo Domingo, 29 de enero de 2025 \u2013 Boca Chica reafirm\u00f3 su relevancia como destino tur\u00edstico e inmobiliario en la Feria Internacional de Turismo (FITUR) 2025, gracias a la destacada participaci\u00f3n de Vista Marina Residence y Grandes Ligas Residence. Estos desarrollos han impulsado el renacer del primer polo tur\u00edstico de la Rep\u00fablica Dominicana, ofreciendo nuevas oportunidades para el ocio y la inversi\u00f3n en el Caribe.<\/p>\n<p>Durante la 45\u00aa edici\u00f3n de FITUR, que cerr\u00f3 con un r\u00e9cord de 255,000 asistentes y la participaci\u00f3n de m\u00e1s de 9,500 empresas de 156 pa\u00edses, Boca Chica capt\u00f3 la atenci\u00f3n de inversionistas, empresarios y visitantes, consolidando su presencia en el mapa tur\u00edstico internacional de la mano de Vista Marina Residence.<\/p>\n<p>Los proyectos exhibidos en la feria, junto con la propuesta gastron\u00f3mica de St. Tropezz Seafood &amp; Grill, despertaron un gran inter\u00e9s en los principales mercados emisores hacia Rep\u00fablica Dominicana presentes en el evento. \u201cFITUR 2025 ha sido una experiencia transformadora para Vista Marina Residence\u201d, afirm\u00f3 Karini Milannesse, Gerente General. \u201cLos resultados alcanzados refuerzan nuestra visi\u00f3n de liderar el mercado inmobiliario del Caribe, ofreciendo propiedades que combinan lujo, ubicaci\u00f3n privilegiada y oportunidades de inversi\u00f3n altamente rentables.\u201d Concluy\u00f3 la empresaria dominicana.<\/p>\n<p>Como parte de los logros alcanzados, se concretaron alianzas clave con agencias inmobiliarias de Europa, Am\u00e9rica Latina y el Caribe, adem\u00e1s de un incremento significativo en las solicitudes de informaci\u00f3n sobre las propiedades disponibles.<\/p>\n<p>Una oferta inmobiliaria de alto nivel<\/p>\n<p>Vista Marina Residence destac\u00f3 en FITUR 2025 por sus exclusivas facilidades, entre ellas: Apartamentos completamente amueblados, gimnasio, piscina y business center, as\u00ed como los beneficios fiscales con los que cuenta (aprobados por CONFOTUR). Este conjunto de atributos consolid\u00f3 su posicionamiento como una de las opciones m\u00e1s atractivas para la inversi\u00f3n inmobiliaria en la regi\u00f3n.<\/p>\n<p>Compromiso con el crecimiento del sector<\/p>\n<p>El evento tambi\u00e9n permiti\u00f3 fortalecer relaciones con realtors independientes, quienes valoraron el esquema de comisiones competitivas y el soporte integral que facilita la comercializaci\u00f3n de las propiedades.<\/p>\n<p><img loading=\"lazy\" decoding=\"async\" class=\"alignnone size-medium wp-image-2635\" src=\"https:\/\/periodicolarepublica.com\/wp-content\/uploads\/2025\/02\/IMG-20250205-WA0000-225x300.jpg\" alt=\"\" width=\"225\" height=\"300\" srcset=\"https:\/\/periodicolarepublica.com\/wp-content\/uploads\/2025\/02\/IMG-20250205-WA0000-225x300.jpg?v=1738731517 225w, https:\/\/periodicolarepublica.com\/wp-content\/uploads\/2025\/02\/IMG-20250205-WA0000-768x1024.jpg?v=1738731517 768w, https:\/\/periodicolarepublica.com\/wp-content\/uploads\/2025\/02\/IMG-20250205-WA0000-1152x1536.jpg?v=1738731517 1152w, https:\/\/periodicolarepublica.com\/wp-content\/uploads\/2025\/02\/IMG-20250205-WA0000-150x200.jpg?v=1738731517 150w, https:\/\/periodicolarepublica.com\/wp-content\/uploads\/2025\/02\/IMG-20250205-WA0000-300x400.jpg?v=1738731517 300w, https:\/\/periodicolarepublica.com\/wp-content\/uploads\/2025\/02\/IMG-20250205-WA0000-600x800.jpg?v=1738731517 600w, https:\/\/periodicolarepublica.com\/wp-content\/uploads\/2025\/02\/IMG-20250205-WA0000-696x928.jpg?v=1738731517 696w, https:\/\/periodicolarepublica.com\/wp-content\/uploads\/2025\/02\/IMG-20250205-WA0000-1068x1424.jpg?v=1738731517 1068w, https:\/\/periodicolarepublica.com\/wp-content\/uploads\/2025\/02\/IMG-20250205-WA0000.jpg?v=1738731517 1200w\" sizes=\"auto, (max-width: 225px) 100vw, 225px\" \/><\/p>\n","protected":false},"excerpt":{"rendered":"<p>Los proyectos inmobiliarios tur\u00edsticos consolidan el posicionamiento del destino en el mercado internacional Santo Domingo, 29 de enero de 2025 \u2013 Boca Chica reafirm\u00f3 su relevancia como destino tur\u00edstico e inmobiliario en la Feria Internacional de Turismo (FITUR) 2025, gracias a la destacada participaci\u00f3n de Vista Marina Residence y Grandes Ligas Residence. Estos desarrollos han [&hellip;]<\/p>\n","protected":false},"author":6,"featured_media":2635,"comment_status":"open","ping_status":"open","sticky":false,"template":"","format":"standard","meta":{"om_disable_all_campaigns":false,"_monsterinsights_skip_tracking":false,"_monsterinsights_sitenote_active":false,"_monsterinsights_sitenote_note":"","_monsterinsights_sitenote_category":0,"footnotes":""},"categories":[1,20],"tags":[],"class_list":{"0":"post-2634","1":"post","2":"type-post","3":"status-publish","4":"format-standard","5":"has-post-thumbnail","7":"category-nacionales","8":"category-turismo"},"aioseo_notices":[],"_links":{"self":[{"href":"https:\/\/periodicolarepublica.com\/index.php\/wp-json\/wp\/v2\/posts\/2634","targetHints":{"allow":["GET"]}}],"collection":[{"href":"https:\/\/periodicolarepublica.com\/index.php\/wp-json\/wp\/v2\/posts"}],"about":[{"href":"https:\/\/periodicolarepublica.com\/index.php\/wp-json\/wp\/v2\/types\/post"}],"author":[{"embeddable":true,"href":"https:\/\/periodicolarepublica.com\/index.php\/wp-json\/wp\/v2\/users\/6"}],"replies":[{"embeddable":true,"href":"https:\/\/periodicolarepublica.com\/index.php\/wp-json\/wp\/v2\/comments?post=2634"}],"version-history":[{"count":1,"href":"https:\/\/periodicolarepublica.com\/index.php\/wp-json\/wp\/v2\/posts\/2634\/revisions"}],"predecessor-version":[{"id":2636,"href":"https:\/\/periodicolarepublica.com\/index.php\/wp-json\/wp\/v2\/posts\/2634\/revisions\/2636"}],"wp:featuredmedia":[{"embeddable":true,"href":"https:\/\/periodicolarepublica.com\/index.php\/wp-json\/wp\/v2\/media\/2635"}],"wp:attachment":[{"href":"https:\/\/periodicolarepublica.com\/index.php\/wp-json\/wp\/v2\/media?parent=2634"}],"wp:term":[{"taxonomy":"category","embeddable":true,"href":"https:\/\/periodicolarepublica.com\/index.php\/wp-json\/wp\/v2\/categories?post=2634"},{"taxonomy":"post_tag","embeddable":true,"href":"https:\/\/periodicolarepublica.com\/index.php\/wp-json\/wp\/v2\/tags?post=2634"}],"curies":[{"name":"wp","href":"https:\/\/api.w.org\/{rel}","templated":true}]}}