{"id":2641,"date":"2025-02-06T04:18:16","date_gmt":"2025-02-06T03:18:16","guid":{"rendered":"https:\/\/periodicolarepublica.com\/?p=2641"},"modified":"2025-02-06T04:19:16","modified_gmt":"2025-02-06T03:19:16","slug":"ruddy-de-los-santos-reconoce-la-designacion-de-andres-lugo-risk-en-la-dgapp","status":"publish","type":"post","link":"https:\/\/periodicolarepublica.com\/index.php\/2025\/02\/06\/ruddy-de-los-santos-reconoce-la-designacion-de-andres-lugo-risk-en-la-dgapp\/","title":{"rendered":"Ruddy de los Santos reconoce designaci\u00f3n de Andr\u00e9s Lugo Risk en la DGAPP"},"content":{"rendered":"<p style=\"text-align: right;\">Ruddy de los Santos, el amigo que m\u00e1s suma, siempre con sus comentarios del d\u00eda a dia, en esta ocasi\u00f3n se refiri\u00f3 a la designaci\u00f3n de su amigo Andr\u00e9s Lugo Risk, la cual consider\u00f3 muy esperada:<\/p>\n<p><em> Dur\u00e9 4 a\u00f1os y 6 meses esperando publicar esta foto, donde se reconoce con una merecida designaci\u00f3n por parte del presidente Abinader, de un joven ejemplar, con una notable e intachable carrera pol\u00edtica, abogado y excelente profesional, catedr\u00e1tico universitario, amigo leal y solidario, siempre comprometido con las m\u00e1s nobles causas sociales. Hoy celebro y deseo \u00e9xito al amigo Andr\u00e9s Lugo Risk, quien asumi\u00f3 como nuevo director ejecutivo de la Direcci\u00f3n General de Alianzas P\u00fablico-Privadas. Estoy seguro que asume estas funciones con mucha responsabilidad y entrega.<\/em><\/p>\n<p><img loading=\"lazy\" decoding=\"async\" class=\"alignnone size-medium wp-image-2642\" src=\"https:\/\/periodicolarepublica.com\/wp-content\/uploads\/2025\/02\/IMG-20250205-WA0067-300x272.jpg\" alt=\"\" width=\"300\" height=\"272\" srcset=\"https:\/\/periodicolarepublica.com\/wp-content\/uploads\/2025\/02\/IMG-20250205-WA0067-300x272.jpg?v=1738811764 300w, https:\/\/periodicolarepublica.com\/wp-content\/uploads\/2025\/02\/IMG-20250205-WA0067-1024x927.jpg?v=1738811764 1024w, https:\/\/periodicolarepublica.com\/wp-content\/uploads\/2025\/02\/IMG-20250205-WA0067-768x695.jpg?v=1738811764 768w, https:\/\/periodicolarepublica.com\/wp-content\/uploads\/2025\/02\/IMG-20250205-WA0067-150x136.jpg?v=1738811764 150w, https:\/\/periodicolarepublica.com\/wp-content\/uploads\/2025\/02\/IMG-20250205-WA0067-600x543.jpg?v=1738811764 600w, https:\/\/periodicolarepublica.com\/wp-content\/uploads\/2025\/02\/IMG-20250205-WA0067-696x630.jpg?v=1738811764 696w, https:\/\/periodicolarepublica.com\/wp-content\/uploads\/2025\/02\/IMG-20250205-WA0067-1068x967.jpg?v=1738811764 1068w, https:\/\/periodicolarepublica.com\/wp-content\/uploads\/2025\/02\/IMG-20250205-WA0067.jpg?v=1738811764 1280w\" sizes=\"auto, (max-width: 300px) 100vw, 300px\" \/><\/p>\n","protected":false},"excerpt":{"rendered":"<p>Ruddy de los Santos, el amigo que m\u00e1s suma, siempre con sus comentarios del d\u00eda a dia, en esta ocasi\u00f3n se refiri\u00f3 a la designaci\u00f3n de su amigo Andr\u00e9s Lugo Risk, la cual consider\u00f3 muy esperada: Dur\u00e9 4 a\u00f1os y 6 meses esperando publicar esta foto, donde se reconoce con una merecida designaci\u00f3n por parte [&hellip;]<\/p>\n","protected":false},"author":1,"featured_media":2642,"comment_status":"open","ping_status":"open","sticky":false,"template":"","format":"standard","meta":{"om_disable_all_campaigns":false,"_monsterinsights_skip_tracking":false,"_monsterinsights_sitenote_active":false,"_monsterinsights_sitenote_note":"","_monsterinsights_sitenote_category":0,"footnotes":""},"categories":[1],"tags":[],"class_list":{"0":"post-2641","1":"post","2":"type-post","3":"status-publish","4":"format-standard","5":"has-post-thumbnail","7":"category-nacionales"},"aioseo_notices":[],"_links":{"self":[{"href":"https:\/\/periodicolarepublica.com\/index.php\/wp-json\/wp\/v2\/posts\/2641","targetHints":{"allow":["GET"]}}],"collection":[{"href":"https:\/\/periodicolarepublica.com\/index.php\/wp-json\/wp\/v2\/posts"}],"about":[{"href":"https:\/\/periodicolarepublica.com\/index.php\/wp-json\/wp\/v2\/types\/post"}],"author":[{"embeddable":true,"href":"https:\/\/periodicolarepublica.com\/index.php\/wp-json\/wp\/v2\/users\/1"}],"replies":[{"embeddable":true,"href":"https:\/\/periodicolarepublica.com\/index.php\/wp-json\/wp\/v2\/comments?post=2641"}],"version-history":[{"count":2,"href":"https:\/\/periodicolarepublica.com\/index.php\/wp-json\/wp\/v2\/posts\/2641\/revisions"}],"predecessor-version":[{"id":2644,"href":"https:\/\/periodicolarepublica.com\/index.php\/wp-json\/wp\/v2\/posts\/2641\/revisions\/2644"}],"wp:featuredmedia":[{"embeddable":true,"href":"https:\/\/periodicolarepublica.com\/index.php\/wp-json\/wp\/v2\/media\/2642"}],"wp:attachment":[{"href":"https:\/\/periodicolarepublica.com\/index.php\/wp-json\/wp\/v2\/media?parent=2641"}],"wp:term":[{"taxonomy":"category","embeddable":true,"href":"https:\/\/periodicolarepublica.com\/index.php\/wp-json\/wp\/v2\/categories?post=2641"},{"taxonomy":"post_tag","embeddable":true,"href":"https:\/\/periodicolarepublica.com\/index.php\/wp-json\/wp\/v2\/tags?post=2641"}],"curies":[{"name":"wp","href":"https:\/\/api.w.org\/{rel}","templated":true}]}}