{"id":2645,"date":"2025-02-06T04:25:21","date_gmt":"2025-02-06T03:25:21","guid":{"rendered":"https:\/\/periodicolarepublica.com\/?p=2645"},"modified":"2025-02-06T04:25:50","modified_gmt":"2025-02-06T03:25:50","slug":"congreso-nacional-inaugura-parlamentos-y-prosperidad-2025","status":"publish","type":"post","link":"https:\/\/periodicolarepublica.com\/index.php\/2025\/02\/06\/congreso-nacional-inaugura-parlamentos-y-prosperidad-2025\/","title":{"rendered":"Congreso Nacional inaugura \u201cParlamentos y Prosperidad 2025\u201d"},"content":{"rendered":"<p><em>Para abordar temas de inteligencia artificial, educaci\u00f3n y econom\u00eda<\/em><\/p>\n<p>El presidente de la C\u00e1mara Alta destac\u00f3 que este evento constituye un paso decisivo hacia la construcci\u00f3n de un futuro m\u00e1s pr\u00f3spero para las naciones.<\/p>\n<p>Santo Domingo. &#8211; El presidente del Senado de la Rep\u00fablica, Ricardo de los Santos, dio apertura al encuentro internacional \u201cParlamentos y Prosperidad, Rep\u00fablica Dominicana 2025\u201d, reafirmando su compromiso con el desarrollo sostenible, la inclusi\u00f3n, y la innovaci\u00f3n legislativa.<\/p>\n<p>Durante el acto inaugural, realizado en el Sal\u00f3n de la Asamblea Nacional, el presidente de la C\u00e1mara Alta calific\u00f3 este encuentro como un espacio estrat\u00e9gico para generar sinergias entre las academias, el sector privado, la sociedad civil, los organismos internacionales y los parlamentos, nacionales e internacionales, con el fin de promover soluciones innovadoras y sostenibles.<\/p>\n<p><img loading=\"lazy\" decoding=\"async\" class=\"alignnone size-medium wp-image-2646\" src=\"https:\/\/periodicolarepublica.com\/wp-content\/uploads\/2025\/02\/foto-evento2-300x200.jpeg\" alt=\"\" width=\"300\" height=\"200\" srcset=\"https:\/\/periodicolarepublica.com\/wp-content\/uploads\/2025\/02\/foto-evento2-300x200.jpeg?v=1738812282 300w, https:\/\/periodicolarepublica.com\/wp-content\/uploads\/2025\/02\/foto-evento2-1024x681.jpeg?v=1738812282 1024w, https:\/\/periodicolarepublica.com\/wp-content\/uploads\/2025\/02\/foto-evento2-768x511.jpeg?v=1738812282 768w, https:\/\/periodicolarepublica.com\/wp-content\/uploads\/2025\/02\/foto-evento2-1536x1022.jpeg?v=1738812282 1536w, https:\/\/periodicolarepublica.com\/wp-content\/uploads\/2025\/02\/foto-evento2-2048x1362.jpeg?v=1738812282 2048w, https:\/\/periodicolarepublica.com\/wp-content\/uploads\/2025\/02\/foto-evento2-150x100.jpeg?v=1738812282 150w, https:\/\/periodicolarepublica.com\/wp-content\/uploads\/2025\/02\/foto-evento2-600x399.jpeg?v=1738812282 600w, https:\/\/periodicolarepublica.com\/wp-content\/uploads\/2025\/02\/foto-evento2-696x463.jpeg?v=1738812282 696w, https:\/\/periodicolarepublica.com\/wp-content\/uploads\/2025\/02\/foto-evento2-1392x926.jpeg?v=1738812282 1392w, https:\/\/periodicolarepublica.com\/wp-content\/uploads\/2025\/02\/foto-evento2-1068x710.jpeg?v=1738812282 1068w, https:\/\/periodicolarepublica.com\/wp-content\/uploads\/2025\/02\/foto-evento2-1920x1277.jpeg?v=1738812282 1920w\" sizes=\"auto, (max-width: 300px) 100vw, 300px\" \/><\/p>\n","protected":false},"excerpt":{"rendered":"<p>Para abordar temas de inteligencia artificial, educaci\u00f3n y econom\u00eda El presidente de la C\u00e1mara Alta destac\u00f3 que este evento constituye un paso decisivo hacia la construcci\u00f3n de un futuro m\u00e1s pr\u00f3spero para las naciones. Santo Domingo. &#8211; El presidente del Senado de la Rep\u00fablica, Ricardo de los Santos, dio apertura al encuentro internacional \u201cParlamentos y [&hellip;]<\/p>\n","protected":false},"author":6,"featured_media":2646,"comment_status":"open","ping_status":"open","sticky":false,"template":"","format":"standard","meta":{"om_disable_all_campaigns":false,"_monsterinsights_skip_tracking":false,"_monsterinsights_sitenote_active":false,"_monsterinsights_sitenote_note":"","_monsterinsights_sitenote_category":0,"footnotes":""},"categories":[1],"tags":[],"class_list":{"0":"post-2645","1":"post","2":"type-post","3":"status-publish","4":"format-standard","5":"has-post-thumbnail","7":"category-nacionales"},"aioseo_notices":[],"_links":{"self":[{"href":"https:\/\/periodicolarepublica.com\/index.php\/wp-json\/wp\/v2\/posts\/2645","targetHints":{"allow":["GET"]}}],"collection":[{"href":"https:\/\/periodicolarepublica.com\/index.php\/wp-json\/wp\/v2\/posts"}],"about":[{"href":"https:\/\/periodicolarepublica.com\/index.php\/wp-json\/wp\/v2\/types\/post"}],"author":[{"embeddable":true,"href":"https:\/\/periodicolarepublica.com\/index.php\/wp-json\/wp\/v2\/users\/6"}],"replies":[{"embeddable":true,"href":"https:\/\/periodicolarepublica.com\/index.php\/wp-json\/wp\/v2\/comments?post=2645"}],"version-history":[{"count":1,"href":"https:\/\/periodicolarepublica.com\/index.php\/wp-json\/wp\/v2\/posts\/2645\/revisions"}],"predecessor-version":[{"id":2647,"href":"https:\/\/periodicolarepublica.com\/index.php\/wp-json\/wp\/v2\/posts\/2645\/revisions\/2647"}],"wp:featuredmedia":[{"embeddable":true,"href":"https:\/\/periodicolarepublica.com\/index.php\/wp-json\/wp\/v2\/media\/2646"}],"wp:attachment":[{"href":"https:\/\/periodicolarepublica.com\/index.php\/wp-json\/wp\/v2\/media?parent=2645"}],"wp:term":[{"taxonomy":"category","embeddable":true,"href":"https:\/\/periodicolarepublica.com\/index.php\/wp-json\/wp\/v2\/categories?post=2645"},{"taxonomy":"post_tag","embeddable":true,"href":"https:\/\/periodicolarepublica.com\/index.php\/wp-json\/wp\/v2\/tags?post=2645"}],"curies":[{"name":"wp","href":"https:\/\/api.w.org\/{rel}","templated":true}]}}