{"id":2654,"date":"2025-02-07T14:48:25","date_gmt":"2025-02-07T13:48:25","guid":{"rendered":"https:\/\/periodicolarepublica.com\/?p=2654"},"modified":"2025-02-07T14:48:25","modified_gmt":"2025-02-07T13:48:25","slug":"hernandez-alberto-valora-positivo-encuentro-entre-presidente-luis-abinader-y-secretario-de-estado-marco-rubio","status":"publish","type":"post","link":"https:\/\/periodicolarepublica.com\/index.php\/2025\/02\/07\/hernandez-alberto-valora-positivo-encuentro-entre-presidente-luis-abinader-y-secretario-de-estado-marco-rubio\/","title":{"rendered":"Hern\u00e1ndez Alberto Valora Positivo Encuentro entre Presidente Luis Abinader y Secretario de Estado Marco Rubio"},"content":{"rendered":"\r\n<p>Santo Domingo,\u2014 El ingeniero Tom\u00e1s Hern\u00e1ndez Alberto ha expresado su valoraci\u00f3n sobre el reciente encuentro entre el presidente de la Rep\u00fablica Dominicana, Luis Abinader, y el secretario de Estado de los Estados Unidos, Marco Rubio. Este encuentro representa una oportunidad significativa para el fortalecimiento de las relaciones bilaterales y el compromiso compartido en la lucha contra el narcotr\u00e1fico.<br \/><img loading=\"lazy\" decoding=\"async\" class=\"size-medium wp-image-1956 alignright\" src=\"https:\/\/periodicolarepublica.com\/wp-content\/uploads\/2024\/10\/IMG_20241010_113753-300x199.jpg\" alt=\"\" width=\"300\" height=\"199\" srcset=\"https:\/\/periodicolarepublica.com\/wp-content\/uploads\/2024\/10\/IMG_20241010_113753-300x199.jpg?v=1729606685 300w, https:\/\/periodicolarepublica.com\/wp-content\/uploads\/2024\/10\/IMG_20241010_113753-1024x680.jpg?v=1729606685 1024w, https:\/\/periodicolarepublica.com\/wp-content\/uploads\/2024\/10\/IMG_20241010_113753-768x510.jpg?v=1729606685 768w, https:\/\/periodicolarepublica.com\/wp-content\/uploads\/2024\/10\/IMG_20241010_113753-1536x1020.jpg?v=1729606685 1536w, https:\/\/periodicolarepublica.com\/wp-content\/uploads\/2024\/10\/IMG_20241010_113753-150x100.jpg?v=1729606685 150w, https:\/\/periodicolarepublica.com\/wp-content\/uploads\/2024\/10\/IMG_20241010_113753-600x398.jpg?v=1729606685 600w, https:\/\/periodicolarepublica.com\/wp-content\/uploads\/2024\/10\/IMG_20241010_113753-696x462.jpg?v=1729606685 696w, https:\/\/periodicolarepublica.com\/wp-content\/uploads\/2024\/10\/IMG_20241010_113753-1392x924.jpg?v=1729606685 1392w, https:\/\/periodicolarepublica.com\/wp-content\/uploads\/2024\/10\/IMG_20241010_113753-1068x709.jpg?v=1729606685 1068w, https:\/\/periodicolarepublica.com\/wp-content\/uploads\/2024\/10\/IMG_20241010_113753-1920x1275.jpg?v=1729606685 1920w, https:\/\/periodicolarepublica.com\/wp-content\/uploads\/2024\/10\/IMG_20241010_113753.jpg?v=1729606685 2048w\" sizes=\"auto, (max-width: 300px) 100vw, 300px\" \/><br \/>Hern\u00e1ndez Alberto afirm\u00f3 que \u00ablos dominicanos y las dominicanas, sin distinci\u00f3n, debemos valorar la pol\u00edtica desde una perspectiva de inter\u00e9s fundamental para nuestra patria\u00bb. En este sentido, destac\u00f3 la importancia de la reciente visita de Rubio como un momento de orgullo nacional y un reconocimiento internacional al esfuerzo del gobierno dominicano.<br \/><br \/>Durante su visita, el secretario Rubio elogi\u00f3 la labor del gobierno dominicano en la lucha contra el narcotr\u00e1fico, subrayando el liderazgo de Abinader en la regi\u00f3n de Am\u00e9rica Latina y el Caribe. \u00abLa colaboraci\u00f3n entre nuestros pa\u00edses es crucial para la estabilidad y el desarrollo regional\u00bb, agreg\u00f3 Hern\u00e1ndez Alberto.<br \/><br \/>El ingeniero hizo un llamado a la unidad nacional: \u00abUn\u00e1monos en el compromiso de trabajar por un futuro pr\u00f3spero y seguro para todos\u00bb. Resalt\u00f3 que este tipo de encuentros son esenciales para abordar los retos comunes y fomentar un clima de paz y desarrollo en la regi\u00f3n.<br \/><br \/>La visita de Rubio no solo reafirma el apoyo de Estados Unidos hacia la Rep\u00fablica Dominicana, sino que tambi\u00e9n sienta las bases para futuras iniciativas conjuntas en \u00e1reas como la seguridad, la econom\u00eda y el medio ambiente. <br \/><br \/>Hern\u00e1ndez Alberto concluy\u00f3 su declaraci\u00f3n afirmando que la pol\u00edtica debe ser una herramienta para el bienestar de la ciudadan\u00eda, y que el enfoque colaborativo entre naciones es fundamental para enfrentar los desaf\u00edos del presente y del futuro.<\/p>\r\n","protected":false},"excerpt":{"rendered":"<p>Santo Domingo,\u2014 El ingeniero Tom\u00e1s Hern\u00e1ndez Alberto ha expresado su valoraci\u00f3n sobre el reciente encuentro entre el presidente de la Rep\u00fablica Dominicana, Luis Abinader, y el secretario de Estado de los Estados Unidos, Marco Rubio. Este encuentro representa una oportunidad significativa para el fortalecimiento de las relaciones bilaterales y el compromiso compartido en la lucha [&hellip;]<\/p>\n","protected":false},"author":10,"featured_media":1956,"comment_status":"open","ping_status":"open","sticky":false,"template":"","format":"standard","meta":{"om_disable_all_campaigns":false,"_monsterinsights_skip_tracking":false,"_monsterinsights_sitenote_active":false,"_monsterinsights_sitenote_note":"","_monsterinsights_sitenote_category":0,"footnotes":""},"categories":[1],"tags":[163],"class_list":{"0":"post-2654","1":"post","2":"type-post","3":"status-publish","4":"format-standard","5":"has-post-thumbnail","7":"category-nacionales","8":"tag-tomas-hernandez-alberto"},"aioseo_notices":[],"_links":{"self":[{"href":"https:\/\/periodicolarepublica.com\/index.php\/wp-json\/wp\/v2\/posts\/2654","targetHints":{"allow":["GET"]}}],"collection":[{"href":"https:\/\/periodicolarepublica.com\/index.php\/wp-json\/wp\/v2\/posts"}],"about":[{"href":"https:\/\/periodicolarepublica.com\/index.php\/wp-json\/wp\/v2\/types\/post"}],"author":[{"embeddable":true,"href":"https:\/\/periodicolarepublica.com\/index.php\/wp-json\/wp\/v2\/users\/10"}],"replies":[{"embeddable":true,"href":"https:\/\/periodicolarepublica.com\/index.php\/wp-json\/wp\/v2\/comments?post=2654"}],"version-history":[{"count":2,"href":"https:\/\/periodicolarepublica.com\/index.php\/wp-json\/wp\/v2\/posts\/2654\/revisions"}],"predecessor-version":[{"id":2659,"href":"https:\/\/periodicolarepublica.com\/index.php\/wp-json\/wp\/v2\/posts\/2654\/revisions\/2659"}],"wp:featuredmedia":[{"embeddable":true,"href":"https:\/\/periodicolarepublica.com\/index.php\/wp-json\/wp\/v2\/media\/1956"}],"wp:attachment":[{"href":"https:\/\/periodicolarepublica.com\/index.php\/wp-json\/wp\/v2\/media?parent=2654"}],"wp:term":[{"taxonomy":"category","embeddable":true,"href":"https:\/\/periodicolarepublica.com\/index.php\/wp-json\/wp\/v2\/categories?post=2654"},{"taxonomy":"post_tag","embeddable":true,"href":"https:\/\/periodicolarepublica.com\/index.php\/wp-json\/wp\/v2\/tags?post=2654"}],"curies":[{"name":"wp","href":"https:\/\/api.w.org\/{rel}","templated":true}]}}