{"id":2658,"date":"2025-02-07T14:54:56","date_gmt":"2025-02-07T13:54:56","guid":{"rendered":"https:\/\/periodicolarepublica.com\/?p=2658"},"modified":"2025-02-07T14:54:56","modified_gmt":"2025-02-07T13:54:56","slug":"alcaldes-de-la-region-el-higuamo-apoyan-modificacion-a-ley-de-residuos-solidos","status":"publish","type":"post","link":"https:\/\/periodicolarepublica.com\/index.php\/2025\/02\/07\/alcaldes-de-la-region-el-higuamo-apoyan-modificacion-a-ley-de-residuos-solidos\/","title":{"rendered":"Alcaldes de la regi\u00f3n el Higuamo apoyan modificaci\u00f3n a Ley de Residuos S\u00f3lidos"},"content":{"rendered":"\r\n<p>San Pedro de Macor\u00eds. Los alcaldes municipales y distritales de la Regi\u00f3n Higuamo integrada por las provinvias San Pedro de Macoris, Monte Plata y Hato Mayor respaldaron este viernes la iniciativa de modificaci\u00f3n a la Ley 225-20 de Gesti\u00f3n Integral y Coprocesamiento de Residuos S\u00f3lidos que cursa en la Camara de Diputados.<br \/><img loading=\"lazy\" decoding=\"async\" class=\"size-medium wp-image-2662 alignright\" src=\"https:\/\/periodicolarepublica.com\/wp-content\/uploads\/2025\/02\/IMG-20250207-WA0035-300x225.jpg\" alt=\"\" width=\"300\" height=\"225\" srcset=\"https:\/\/periodicolarepublica.com\/wp-content\/uploads\/2025\/02\/IMG-20250207-WA0035-300x225.jpg?v=1738936483 300w, https:\/\/periodicolarepublica.com\/wp-content\/uploads\/2025\/02\/IMG-20250207-WA0035-1024x768.jpg?v=1738936483 1024w, https:\/\/periodicolarepublica.com\/wp-content\/uploads\/2025\/02\/IMG-20250207-WA0035-768x576.jpg?v=1738936483 768w, https:\/\/periodicolarepublica.com\/wp-content\/uploads\/2025\/02\/IMG-20250207-WA0035-1536x1152.jpg?v=1738936483 1536w, https:\/\/periodicolarepublica.com\/wp-content\/uploads\/2025\/02\/IMG-20250207-WA0035-150x113.jpg?v=1738936483 150w, https:\/\/periodicolarepublica.com\/wp-content\/uploads\/2025\/02\/IMG-20250207-WA0035-600x450.jpg?v=1738936483 600w, https:\/\/periodicolarepublica.com\/wp-content\/uploads\/2025\/02\/IMG-20250207-WA0035-696x522.jpg?v=1738936483 696w, https:\/\/periodicolarepublica.com\/wp-content\/uploads\/2025\/02\/IMG-20250207-WA0035-1392x1044.jpg?v=1738936483 1392w, https:\/\/periodicolarepublica.com\/wp-content\/uploads\/2025\/02\/IMG-20250207-WA0035-1068x801.jpg?v=1738936483 1068w, https:\/\/periodicolarepublica.com\/wp-content\/uploads\/2025\/02\/IMG-20250207-WA0035-265x198.jpg?v=1738936483 265w, https:\/\/periodicolarepublica.com\/wp-content\/uploads\/2025\/02\/IMG-20250207-WA0035-530x396.jpg?v=1738936483 530w, https:\/\/periodicolarepublica.com\/wp-content\/uploads\/2025\/02\/IMG-20250207-WA0035.jpg?v=1738936483 1600w\" sizes=\"auto, (max-width: 300px) 100vw, 300px\" \/><br \/>Los alcaldes quienes sostuvieron una reuni\u00f3n reuni\u00f3n con el director ejecutivo de Fedodim Pedro Richardson, afirmaron que nos pueden lograr un desarrollo de los municipios sin un buen manejo de los residuos s\u00f3lidos.<br \/><br \/><br \/>El director ejecutivo de Fedodim quien a la vez es presidente de la Federaci\u00f3n Iberoam\u00e9ricana de Municipios Verde indic\u00f3 que el pa\u00eds produce 4.5 millones de toneladas de residuos solidos al a\u00f1os y que el costo promedio en la region para la recolecci\u00f3n y destino final es de 100 dolares por lo que necesitamos 28 mil millones de pesos y sin embargo somos los que menos invertimos.<br \/><br \/>El aporte de 30 pesos mensuales que contempla la iniciativa que haga el gobierno central a los gobiernos locales para la recolecci\u00f3n de los residuos dar\u00e1 sostenibilidad al servicio y permitir\u00e1 la renovaci\u00f3n de uba flota antiquisima e inapropiada constituida mayoritariamente por camiones compactadores de 30 y 25 a\u00f1os que trabajan un dia y duran tres en los talleres o camiones versatiles que esparcen m\u00e1s residuos en las calles que los que llevan a los vertederos, apunt\u00f3 el experto municipalista.<br \/><br \/>Tras un conservatorio en el<br \/>museo pelotero petromacorisano frente a una audiencia de lideres conunitarios, alcaldes, regidores y vocales de las provincias Hato Mayor , Monte Plata y San Pedro de Macoris el doctor Richardson fue categ\u00f3rico al afirmar que \u00absii queremos un pa\u00eds limpio todos debemos aportar, gobierno, ciudadania, empresarios y las municipalidades, \u00abeste es un proyecto pa\u00eds\u00bb que viene a resolver un grave problema medioambiental, de salud y econ\u00f3mico \u00ab.<\/p>\r\n","protected":false},"excerpt":{"rendered":"<p>San Pedro de Macor\u00eds. Los alcaldes municipales y distritales de la Regi\u00f3n Higuamo integrada por las provinvias San Pedro de Macoris, Monte Plata y Hato Mayor respaldaron este viernes la iniciativa de modificaci\u00f3n a la Ley 225-20 de Gesti\u00f3n Integral y Coprocesamiento de Residuos S\u00f3lidos que cursa en la Camara de Diputados.Los alcaldes quienes sostuvieron [&hellip;]<\/p>\n","protected":false},"author":10,"featured_media":2662,"comment_status":"open","ping_status":"open","sticky":false,"template":"","format":"standard","meta":{"om_disable_all_campaigns":false,"_monsterinsights_skip_tracking":false,"_monsterinsights_sitenote_active":false,"_monsterinsights_sitenote_note":"","_monsterinsights_sitenote_category":0,"footnotes":""},"categories":[1],"tags":[],"class_list":{"0":"post-2658","1":"post","2":"type-post","3":"status-publish","4":"format-standard","5":"has-post-thumbnail","7":"category-nacionales"},"aioseo_notices":[],"_links":{"self":[{"href":"https:\/\/periodicolarepublica.com\/index.php\/wp-json\/wp\/v2\/posts\/2658","targetHints":{"allow":["GET"]}}],"collection":[{"href":"https:\/\/periodicolarepublica.com\/index.php\/wp-json\/wp\/v2\/posts"}],"about":[{"href":"https:\/\/periodicolarepublica.com\/index.php\/wp-json\/wp\/v2\/types\/post"}],"author":[{"embeddable":true,"href":"https:\/\/periodicolarepublica.com\/index.php\/wp-json\/wp\/v2\/users\/10"}],"replies":[{"embeddable":true,"href":"https:\/\/periodicolarepublica.com\/index.php\/wp-json\/wp\/v2\/comments?post=2658"}],"version-history":[{"count":2,"href":"https:\/\/periodicolarepublica.com\/index.php\/wp-json\/wp\/v2\/posts\/2658\/revisions"}],"predecessor-version":[{"id":2663,"href":"https:\/\/periodicolarepublica.com\/index.php\/wp-json\/wp\/v2\/posts\/2658\/revisions\/2663"}],"wp:featuredmedia":[{"embeddable":true,"href":"https:\/\/periodicolarepublica.com\/index.php\/wp-json\/wp\/v2\/media\/2662"}],"wp:attachment":[{"href":"https:\/\/periodicolarepublica.com\/index.php\/wp-json\/wp\/v2\/media?parent=2658"}],"wp:term":[{"taxonomy":"category","embeddable":true,"href":"https:\/\/periodicolarepublica.com\/index.php\/wp-json\/wp\/v2\/categories?post=2658"},{"taxonomy":"post_tag","embeddable":true,"href":"https:\/\/periodicolarepublica.com\/index.php\/wp-json\/wp\/v2\/tags?post=2658"}],"curies":[{"name":"wp","href":"https:\/\/api.w.org\/{rel}","templated":true}]}}