{"id":2661,"date":"2025-02-07T21:19:43","date_gmt":"2025-02-07T20:19:43","guid":{"rendered":"https:\/\/periodicolarepublica.com\/?p=2661"},"modified":"2025-02-07T21:19:43","modified_gmt":"2025-02-07T20:19:43","slug":"ministro-de-salud-victor-atallah-asegura-sostenibilidad-de-respuesta-al-vih-con-fondos-nacionales","status":"publish","type":"post","link":"https:\/\/periodicolarepublica.com\/index.php\/2025\/02\/07\/ministro-de-salud-victor-atallah-asegura-sostenibilidad-de-respuesta-al-vih-con-fondos-nacionales\/","title":{"rendered":"Ministro de Salud, V\u00edctor Atallah asegura sostenibilidad de respuesta al VIH con fondos nacionales"},"content":{"rendered":"\r\n<p>Aclara que el apoyo de organismos internacionales es en el \u00e1mbito t\u00e9cnico y de capacitaci\u00f3n y el pa\u00eds se ha preparado para realizarlas.<br \/><br \/>SANTO DOMINGO. -El ministro de Salud, Victor Atallah asegur\u00f3, que el gobierno dominicano, a trav\u00e9s del Ministerio de Salud P\u00fablica (MSP), financia con recursos propios la compra de medicamentos antirretrovirales e insumos para el tratamiento y prevenci\u00f3n del VIH-SIDA, lo que reduce la dependencia de organismos internacionales. <br \/><img loading=\"lazy\" decoding=\"async\" class=\"size-medium wp-image-2549 alignright\" src=\"https:\/\/periodicolarepublica.com\/wp-content\/uploads\/2025\/01\/l-diagnostico-y-tratamiento-de-300x200.jpg\" alt=\"\" width=\"300\" height=\"200\" srcset=\"https:\/\/periodicolarepublica.com\/wp-content\/uploads\/2025\/01\/l-diagnostico-y-tratamiento-de-300x200.jpg?v=1737668233 300w, https:\/\/periodicolarepublica.com\/wp-content\/uploads\/2025\/01\/l-diagnostico-y-tratamiento-de-1024x683.jpg?v=1737668233 1024w, https:\/\/periodicolarepublica.com\/wp-content\/uploads\/2025\/01\/l-diagnostico-y-tratamiento-de-768x512.jpg?v=1737668233 768w, https:\/\/periodicolarepublica.com\/wp-content\/uploads\/2025\/01\/l-diagnostico-y-tratamiento-de-150x100.jpg?v=1737668233 150w, https:\/\/periodicolarepublica.com\/wp-content\/uploads\/2025\/01\/l-diagnostico-y-tratamiento-de-600x400.jpg?v=1737668233 600w, https:\/\/periodicolarepublica.com\/wp-content\/uploads\/2025\/01\/l-diagnostico-y-tratamiento-de-696x464.jpg?v=1737668233 696w, https:\/\/periodicolarepublica.com\/wp-content\/uploads\/2025\/01\/l-diagnostico-y-tratamiento-de-1068x712.jpg?v=1737668233 1068w, https:\/\/periodicolarepublica.com\/wp-content\/uploads\/2025\/01\/l-diagnostico-y-tratamiento-de.jpg?v=1737668233 1080w\" sizes=\"auto, (max-width: 300px) 100vw, 300px\" \/><br \/>En 2024, el Programa Nacional de Control de las ITS-VIH-Hepatitis invirti\u00f3 US$11,493,557.15 en medicamentos y acciones operativas, a beneficio de 76,257 personas con VIH, incluyendo la distribuci\u00f3n de antirretrovirales, insumos para hepatitis B, pruebas de carga viral y genotipo, entre otros.<br \/><br \/>Tambi\u00e9n se adquirieron f\u00f3rmula infantil para ni\u00f1os expuestos al VIH y medicamentos para Profilaxis Preexposici\u00f3n (PrEP), con lo que se benefici\u00f3 a 4,060 usuarios.<br \/><br \/>Adem\u00e1s, se compraron Pruebas CD4 para laboratorios, lo que fortaleci\u00f3 la capacidad de diagn\u00f3stico. Estas acciones contribuyeron a una reducci\u00f3n del 7% en nuevas infecciones por VIH y del 55% en las muertes relacionadas.<br \/><br \/>El programa tambi\u00e9n realiz\u00f3 diversas charlas educativas a grupos en riesgo, con 45,751 personas impactadas.<br \/><br \/>En ese sentido el funcionario indic\u00f3 que \u00aba pesar de los avances, la sostenibilidad financiera sigue siendo un desaf\u00edo, pero el pa\u00eds ha logrado prepararse con fondos propios para garantizar la continuidad de los programas, previniendo emergencias\u00bb. <br \/><br \/>Rep\u00fablica Dominicana es uno de los pocos pa\u00edses de la regi\u00f3n que desarrolla estrategias como la Profilaxis Postexposici\u00f3n (PEP) y PrEP, orientadas a prevenir la transmisi\u00f3n del VIH en poblaciones clave de alto riesgo, como personas con parejas seropositivas o trabajadoras sexuales.<br \/><br \/>La doctora M\u00f3nica Thorman, coordinadora del Programa de Prevenci\u00f3n de ITS\/VIH y Hepatitis, detall\u00f3 que cada a\u00f1o, para prevenir cualquier situaci\u00f3n se hace la programaci\u00f3n y proyecci\u00f3n para la compra de los medicamentos e insumos, pero, adem\u00e1s, de manera operativa el Ministerio de Salud se ha preparado. <br \/><br \/>\u201cPara nosotros no es una situaci\u00f3n grave ni de emergencia porque nos hemos ido preparando en estos \u00faltimos 5 a\u00f1os en trabajar los que nos toca como rector\u00eda con nuestros propios fondos, previendo de que un futuro todas esas agencias pudieran desaparecer y para el presente a\u00f1o buscan bajar la incidencia del VIH, a trav\u00e9s de las estrategias de prevenci\u00f3n que se desarrollan en todo el pa\u00eds, a trav\u00e9s de las Direcciones provinciales de Salud\u201d indic\u00f3. <br \/><br \/>En ese orden, indica que Rep\u00fablica Dominicana desarrolla estrategias de profilaxis para prevenir las infecciones asociadas al VIH, por lo que mantienen la prevenci\u00f3n en poblaciones clave de alto riesgo.<\/p>\r\n","protected":false},"excerpt":{"rendered":"<p>Aclara que el apoyo de organismos internacionales es en el \u00e1mbito t\u00e9cnico y de capacitaci\u00f3n y el pa\u00eds se ha preparado para realizarlas. SANTO DOMINGO. -El ministro de Salud, Victor Atallah asegur\u00f3, que el gobierno dominicano, a trav\u00e9s del Ministerio de Salud P\u00fablica (MSP), financia con recursos propios la compra de medicamentos antirretrovirales e insumos [&hellip;]<\/p>\n","protected":false},"author":10,"featured_media":2549,"comment_status":"open","ping_status":"open","sticky":false,"template":"","format":"standard","meta":{"om_disable_all_campaigns":false,"_monsterinsights_skip_tracking":false,"_monsterinsights_sitenote_active":false,"_monsterinsights_sitenote_note":"","_monsterinsights_sitenote_category":0,"footnotes":""},"categories":[1],"tags":[159],"class_list":{"0":"post-2661","1":"post","2":"type-post","3":"status-publish","4":"format-standard","5":"has-post-thumbnail","7":"category-nacionales","8":"tag-ministro-de-salud-publica-victor-atallah"},"aioseo_notices":[],"_links":{"self":[{"href":"https:\/\/periodicolarepublica.com\/index.php\/wp-json\/wp\/v2\/posts\/2661","targetHints":{"allow":["GET"]}}],"collection":[{"href":"https:\/\/periodicolarepublica.com\/index.php\/wp-json\/wp\/v2\/posts"}],"about":[{"href":"https:\/\/periodicolarepublica.com\/index.php\/wp-json\/wp\/v2\/types\/post"}],"author":[{"embeddable":true,"href":"https:\/\/periodicolarepublica.com\/index.php\/wp-json\/wp\/v2\/users\/10"}],"replies":[{"embeddable":true,"href":"https:\/\/periodicolarepublica.com\/index.php\/wp-json\/wp\/v2\/comments?post=2661"}],"version-history":[{"count":2,"href":"https:\/\/periodicolarepublica.com\/index.php\/wp-json\/wp\/v2\/posts\/2661\/revisions"}],"predecessor-version":[{"id":2666,"href":"https:\/\/periodicolarepublica.com\/index.php\/wp-json\/wp\/v2\/posts\/2661\/revisions\/2666"}],"wp:featuredmedia":[{"embeddable":true,"href":"https:\/\/periodicolarepublica.com\/index.php\/wp-json\/wp\/v2\/media\/2549"}],"wp:attachment":[{"href":"https:\/\/periodicolarepublica.com\/index.php\/wp-json\/wp\/v2\/media?parent=2661"}],"wp:term":[{"taxonomy":"category","embeddable":true,"href":"https:\/\/periodicolarepublica.com\/index.php\/wp-json\/wp\/v2\/categories?post=2661"},{"taxonomy":"post_tag","embeddable":true,"href":"https:\/\/periodicolarepublica.com\/index.php\/wp-json\/wp\/v2\/tags?post=2661"}],"curies":[{"name":"wp","href":"https:\/\/api.w.org\/{rel}","templated":true}]}}