{"id":2665,"date":"2025-02-08T15:10:06","date_gmt":"2025-02-08T14:10:06","guid":{"rendered":"https:\/\/periodicolarepublica.com\/?p=2665"},"modified":"2025-02-08T15:10:06","modified_gmt":"2025-02-08T14:10:06","slug":"el-compromiso-del-ministro-de-salud-publica-dr-victor-atallah-con-la-sostenibilidad-y-la-seguridad-sanitaria","status":"publish","type":"post","link":"https:\/\/periodicolarepublica.com\/index.php\/2025\/02\/08\/el-compromiso-del-ministro-de-salud-publica-dr-victor-atallah-con-la-sostenibilidad-y-la-seguridad-sanitaria\/","title":{"rendered":"El Compromiso del Ministro de Salud P\u00fablica, Dr. V\u00edctor Atallah, con la Sostenibilidad y la Seguridad Sanitaria"},"content":{"rendered":"\r\n<p>Desde el inicio del a\u00f1o 2025, el Dr. V\u00edctor Atallah ha demostrado un s\u00f3lido compromiso con la salud p\u00fablica, enfoc\u00e1ndose en la sostenibilidad de la respuesta al VIH mediante la utilizaci\u00f3n de fondos nacionales. Esta estrategia no solo busca reducir la dependencia de la ayuda internacional, sino tambi\u00e9n fortalecer el sistema de salud local, lo que es vital para asegurar un acceso continuo y efectivo a los tratamientos.<br \/><img loading=\"lazy\" decoding=\"async\" class=\"size-medium wp-image-2670 alignright\" src=\"https:\/\/periodicolarepublica.com\/wp-content\/uploads\/2025\/02\/IMG-20250208-WA0025-300x200.jpg\" alt=\"\" width=\"300\" height=\"200\" srcset=\"https:\/\/periodicolarepublica.com\/wp-content\/uploads\/2025\/02\/IMG-20250208-WA0025-300x200.jpg?v=1739023785 300w, https:\/\/periodicolarepublica.com\/wp-content\/uploads\/2025\/02\/IMG-20250208-WA0025-1024x683.jpg?v=1739023785 1024w, https:\/\/periodicolarepublica.com\/wp-content\/uploads\/2025\/02\/IMG-20250208-WA0025-768x512.jpg?v=1739023785 768w, https:\/\/periodicolarepublica.com\/wp-content\/uploads\/2025\/02\/IMG-20250208-WA0025-150x100.jpg?v=1739023785 150w, https:\/\/periodicolarepublica.com\/wp-content\/uploads\/2025\/02\/IMG-20250208-WA0025-600x400.jpg?v=1739023785 600w, https:\/\/periodicolarepublica.com\/wp-content\/uploads\/2025\/02\/IMG-20250208-WA0025-696x464.jpg?v=1739023785 696w, https:\/\/periodicolarepublica.com\/wp-content\/uploads\/2025\/02\/IMG-20250208-WA0025-1068x712.jpg?v=1739023785 1068w, https:\/\/periodicolarepublica.com\/wp-content\/uploads\/2025\/02\/IMG-20250208-WA0025.jpg?v=1739023785 1080w\" sizes=\"auto, (max-width: 300px) 100vw, 300px\" \/><br \/>Adem\u00e1s, el Ministerio de Salud P\u00fablica ha firmado acuerdos con la Universidad Cat\u00f3lica, con el objetivo de mejorar la formaci\u00f3n de colaboradores en el sector salud. Esta colaboraci\u00f3n es esencial, ya que la capacitaci\u00f3n adecuada de los profesionales de la salud garantiza una atenci\u00f3n de calidad y un mayor impacto en la comunidad.<br \/><br \/>En un esfuerzo por proteger la salud de la poblaci\u00f3n, el Dr. Atallah ha reforzado las acciones en puntos de control migratorio. La seguridad sanitaria en estos lugares es crucial, especialmente en un contexto donde las migraciones pueden aumentar el riesgo de propagaci\u00f3n de enfermedades. Al implementar medidas efectivas, se busca salvaguardar la salud p\u00fablica y prevenir brotes.<br \/><br \/>La coordinaci\u00f3n entre el Ministerio de Salud P\u00fablica y el Ministerio de Educaci\u00f3n (Minerd) es otro aspecto destacado en la gesti\u00f3n del Dr. Atallah. Las acciones conjuntas para prevenir intoxicaciones en entornos escolares son fundamentales, ya que los ni\u00f1os y adolescentes son particularmente vulnerables. Esto demuestra un enfoque proactivo para garantizar un ambiente seguro en las escuelas.<br \/><br \/>El Dr. Atallah tambi\u00e9n ha subrayado la importancia de la atenci\u00f3n en salud mental. Al establecer acciones para fortalecer este aspecto, se reconoce que la salud mental es tan crucial como la salud f\u00edsica. La promoci\u00f3n de servicios accesibles y de calidad es un paso necesario para abordar el creciente n\u00famero de personas que enfrentan desaf\u00edos mentales.<br \/><br \/>Asimismo, el Ministro ha hecho un llamado a la sociedad para evitar el estigma asociado a la depresi\u00f3n. Esta iniciativa es vital, ya que el estigma puede impedir que las personas busquen la ayuda que necesitan. Fomentar un entorno de apoyo y comprensi\u00f3n es esencial para mejorar la salud mental en la comunidad.<br \/><br \/>El enfoque integral del Dr. Atallah en la salud p\u00fablica no solo aborda cuestiones inmediatas, sino que tambi\u00e9n se proyecta hacia el futuro. La sostenibilidad de las iniciativas en salud requiere de un compromiso constante y de la colaboraci\u00f3n entre m\u00faltiples sectores. Este liderazgo se traduce en una visi\u00f3n m\u00e1s amplia de la salud p\u00fablica.<br \/><br \/>En resumen, el desempe\u00f1o del Dr. V\u00edctor Atallah desde el inicio de 2025 muestra un compromiso firme con la salud p\u00fablica del pa\u00eds. A trav\u00e9s de acciones concretas y colaboraciones estrat\u00e9gicas, se est\u00e1n sentando las bases para un sistema de salud m\u00e1s robusto, inclusivo y sostenible. La salud de la poblaci\u00f3n depende de estos esfuerzos coordinados, y es fundamental continuar avanzando en esta direcci\u00f3n.<\/p>\r\n","protected":false},"excerpt":{"rendered":"<p>Desde el inicio del a\u00f1o 2025, el Dr. V\u00edctor Atallah ha demostrado un s\u00f3lido compromiso con la salud p\u00fablica, enfoc\u00e1ndose en la sostenibilidad de la respuesta al VIH mediante la utilizaci\u00f3n de fondos nacionales. Esta estrategia no solo busca reducir la dependencia de la ayuda internacional, sino tambi\u00e9n fortalecer el sistema de salud local, lo [&hellip;]<\/p>\n","protected":false},"author":10,"featured_media":2670,"comment_status":"open","ping_status":"open","sticky":false,"template":"","format":"standard","meta":{"om_disable_all_campaigns":false,"_monsterinsights_skip_tracking":false,"_monsterinsights_sitenote_active":false,"_monsterinsights_sitenote_note":"","_monsterinsights_sitenote_category":0,"footnotes":""},"categories":[1],"tags":[161],"class_list":{"0":"post-2665","1":"post","2":"type-post","3":"status-publish","4":"format-standard","5":"has-post-thumbnail","7":"category-nacionales","8":"tag-victor-atallah"},"aioseo_notices":[],"_links":{"self":[{"href":"https:\/\/periodicolarepublica.com\/index.php\/wp-json\/wp\/v2\/posts\/2665","targetHints":{"allow":["GET"]}}],"collection":[{"href":"https:\/\/periodicolarepublica.com\/index.php\/wp-json\/wp\/v2\/posts"}],"about":[{"href":"https:\/\/periodicolarepublica.com\/index.php\/wp-json\/wp\/v2\/types\/post"}],"author":[{"embeddable":true,"href":"https:\/\/periodicolarepublica.com\/index.php\/wp-json\/wp\/v2\/users\/10"}],"replies":[{"embeddable":true,"href":"https:\/\/periodicolarepublica.com\/index.php\/wp-json\/wp\/v2\/comments?post=2665"}],"version-history":[{"count":2,"href":"https:\/\/periodicolarepublica.com\/index.php\/wp-json\/wp\/v2\/posts\/2665\/revisions"}],"predecessor-version":[{"id":2671,"href":"https:\/\/periodicolarepublica.com\/index.php\/wp-json\/wp\/v2\/posts\/2665\/revisions\/2671"}],"wp:featuredmedia":[{"embeddable":true,"href":"https:\/\/periodicolarepublica.com\/index.php\/wp-json\/wp\/v2\/media\/2670"}],"wp:attachment":[{"href":"https:\/\/periodicolarepublica.com\/index.php\/wp-json\/wp\/v2\/media?parent=2665"}],"wp:term":[{"taxonomy":"category","embeddable":true,"href":"https:\/\/periodicolarepublica.com\/index.php\/wp-json\/wp\/v2\/categories?post=2665"},{"taxonomy":"post_tag","embeddable":true,"href":"https:\/\/periodicolarepublica.com\/index.php\/wp-json\/wp\/v2\/tags?post=2665"}],"curies":[{"name":"wp","href":"https:\/\/api.w.org\/{rel}","templated":true}]}}