{"id":2669,"date":"2025-02-11T23:55:10","date_gmt":"2025-02-11T22:55:10","guid":{"rendered":"https:\/\/periodicolarepublica.com\/?p=2669"},"modified":"2025-02-11T23:55:10","modified_gmt":"2025-02-11T22:55:10","slug":"alcaldes-y-directores-de-distritos-de-la-linea-noroeste-apoyan-la-modificacion-a-ley-de-residuos-solidos","status":"publish","type":"post","link":"https:\/\/periodicolarepublica.com\/index.php\/2025\/02\/11\/alcaldes-y-directores-de-distritos-de-la-linea-noroeste-apoyan-la-modificacion-a-ley-de-residuos-solidos\/","title":{"rendered":"Alcaldes y directores de distritos de la l\u00ednea noroeste apoyan la modificaci\u00f3n a Ley de Residuos S\u00f3lidos"},"content":{"rendered":"\r\n<p style=\"text-align: right\">Mao, Valverde RD. El director ejecutivo de la Federaci\u00f3n dominicana de distritos municipales (Fedodim) Pedro Richardson realiz\u00f3 este martes un importante encuentro con los alcaldes y directores de distritos municipales de la l\u00ednea noroeste con el objetivo que conozcan la importancia de apoyar la modificaci\u00f3n a Ley 225-20 Gesti\u00f3n Integral de Residuos S\u00f3lidos que cursa en la Camara de Diputados.<br \/><br \/><img loading=\"lazy\" decoding=\"async\" class=\"alignnone size-medium wp-image-2685\" src=\"https:\/\/periodicolarepublica.com\/wp-content\/uploads\/2025\/02\/IMG-20250211-WA0086-300x225.jpg\" alt=\"\" width=\"300\" height=\"225\" srcset=\"https:\/\/periodicolarepublica.com\/wp-content\/uploads\/2025\/02\/IMG-20250211-WA0086-300x225.jpg?v=1739314494 300w, https:\/\/periodicolarepublica.com\/wp-content\/uploads\/2025\/02\/IMG-20250211-WA0086-1024x768.jpg?v=1739314494 1024w, https:\/\/periodicolarepublica.com\/wp-content\/uploads\/2025\/02\/IMG-20250211-WA0086-768x576.jpg?v=1739314494 768w, https:\/\/periodicolarepublica.com\/wp-content\/uploads\/2025\/02\/IMG-20250211-WA0086-1536x1152.jpg?v=1739314494 1536w, https:\/\/periodicolarepublica.com\/wp-content\/uploads\/2025\/02\/IMG-20250211-WA0086-150x113.jpg?v=1739314494 150w, https:\/\/periodicolarepublica.com\/wp-content\/uploads\/2025\/02\/IMG-20250211-WA0086-600x450.jpg?v=1739314494 600w, https:\/\/periodicolarepublica.com\/wp-content\/uploads\/2025\/02\/IMG-20250211-WA0086-696x522.jpg?v=1739314494 696w, https:\/\/periodicolarepublica.com\/wp-content\/uploads\/2025\/02\/IMG-20250211-WA0086-1392x1044.jpg?v=1739314494 1392w, https:\/\/periodicolarepublica.com\/wp-content\/uploads\/2025\/02\/IMG-20250211-WA0086-1068x801.jpg?v=1739314494 1068w, https:\/\/periodicolarepublica.com\/wp-content\/uploads\/2025\/02\/IMG-20250211-WA0086-265x198.jpg?v=1739314494 265w, https:\/\/periodicolarepublica.com\/wp-content\/uploads\/2025\/02\/IMG-20250211-WA0086-530x396.jpg?v=1739314494 530w, https:\/\/periodicolarepublica.com\/wp-content\/uploads\/2025\/02\/IMG-20250211-WA0086.jpg?v=1739314494 1600w\" sizes=\"auto, (max-width: 300px) 100vw, 300px\" \/><br \/>En la referida actividad participaron al menos treintas alcaldes y directores de la regi\u00f3n nordeste donde escucharon la importancia que tiene esta Ley para el desarrollo y crecimiento del pa\u00eds y sus respectivos territorios, adem\u00e1s se comprometieron apoyar totalmente la de modificaci\u00f3n a la Ley 225-20 de Gesti\u00f3n Integral y Coprocesamiento de Residuos S\u00f3lidos <br \/><br \/><br \/>Pedro Richardson asegur\u00f3 que que el pa\u00eds produce 4.5 millones de toneladas de residuos s\u00f3lidos al a\u00f1os y que el costo promedio en la regi\u00f3n para la recolecci\u00f3n y destino final es de 100 d\u00f3lares, por lo que necesitamos 28 mil millones de pesos y sin embargo somos los que menos invertimos.<br \/><br \/>El aporte de 30 pesos mensuales que contempla la iniciativa que haga el gobierno central a los gobiernos locales para la recolecci\u00f3n de los residuos dar\u00e1 sostenibilidad al servicio y permitir\u00e1 la renovaci\u00f3n de una flota antiqu\u00edsima e inapropiada constituida mayoritariamente por camiones compactadores de 30 y 25 a\u00f1os que trabajan un d\u00eda y duran tres en los talleres o camiones vers\u00e1tiles que esparcen m\u00e1s residuos en las calles que los que llevan a los vertederos, apunt\u00f3 el experto municipalista.<br \/><br \/>Los alcaldes municipales y distritales de la Regi\u00f3n Cibao Noroeste integrada por las provincias Valverde, Dajabon, Montecristi y Santiago Rodr\u00edguez se comprometieron apoyar dicha iniciativa, adem\u00e1s los alcaldes <br \/>Yohendy Jimenez , Mao, Freddy Rodriguez, alcalde de Esperanza, Jaime Sanchez alcalde de Maizal, Felix Santos de Boca de Mao , ketty Rodriguez alcaldesa de Cana Chapeton, Domingo Ortega alcalde de Jicome, Luis R. Valdez Cabrera alcalde de Cruce de Guyacanes, Gabriel Santana alcalde Amina acompa\u00f1ados de l\u00edderes comunitarios <br \/><br \/><br \/>El proyecto fue presentado por los senadores Ram\u00f3n Rogelio Genao Dur\u00e1n por de la provincia La Vega; y Ginnette Bournigal de Jim\u00e9nez de Puerto Plata, el mismo fue declarado urgencia en dos lecturas por el Senado de Rep\u00fablica.<\/p>\r\n","protected":false},"excerpt":{"rendered":"<p>Mao, Valverde RD. El director ejecutivo de la Federaci\u00f3n dominicana de distritos municipales (Fedodim) Pedro Richardson realiz\u00f3 este martes un importante encuentro con los alcaldes y directores de distritos municipales de la l\u00ednea noroeste con el objetivo que conozcan la importancia de apoyar la modificaci\u00f3n a Ley 225-20 Gesti\u00f3n Integral de Residuos S\u00f3lidos que cursa [&hellip;]<\/p>\n","protected":false},"author":10,"featured_media":2685,"comment_status":"open","ping_status":"open","sticky":false,"template":"","format":"standard","meta":{"om_disable_all_campaigns":false,"_monsterinsights_skip_tracking":false,"_monsterinsights_sitenote_active":false,"_monsterinsights_sitenote_note":"","_monsterinsights_sitenote_category":0,"footnotes":""},"categories":[1],"tags":[],"class_list":{"0":"post-2669","1":"post","2":"type-post","3":"status-publish","4":"format-standard","5":"has-post-thumbnail","7":"category-nacionales"},"aioseo_notices":[],"_links":{"self":[{"href":"https:\/\/periodicolarepublica.com\/index.php\/wp-json\/wp\/v2\/posts\/2669","targetHints":{"allow":["GET"]}}],"collection":[{"href":"https:\/\/periodicolarepublica.com\/index.php\/wp-json\/wp\/v2\/posts"}],"about":[{"href":"https:\/\/periodicolarepublica.com\/index.php\/wp-json\/wp\/v2\/types\/post"}],"author":[{"embeddable":true,"href":"https:\/\/periodicolarepublica.com\/index.php\/wp-json\/wp\/v2\/users\/10"}],"replies":[{"embeddable":true,"href":"https:\/\/periodicolarepublica.com\/index.php\/wp-json\/wp\/v2\/comments?post=2669"}],"version-history":[{"count":2,"href":"https:\/\/periodicolarepublica.com\/index.php\/wp-json\/wp\/v2\/posts\/2669\/revisions"}],"predecessor-version":[{"id":2686,"href":"https:\/\/periodicolarepublica.com\/index.php\/wp-json\/wp\/v2\/posts\/2669\/revisions\/2686"}],"wp:featuredmedia":[{"embeddable":true,"href":"https:\/\/periodicolarepublica.com\/index.php\/wp-json\/wp\/v2\/media\/2685"}],"wp:attachment":[{"href":"https:\/\/periodicolarepublica.com\/index.php\/wp-json\/wp\/v2\/media?parent=2669"}],"wp:term":[{"taxonomy":"category","embeddable":true,"href":"https:\/\/periodicolarepublica.com\/index.php\/wp-json\/wp\/v2\/categories?post=2669"},{"taxonomy":"post_tag","embeddable":true,"href":"https:\/\/periodicolarepublica.com\/index.php\/wp-json\/wp\/v2\/tags?post=2669"}],"curies":[{"name":"wp","href":"https:\/\/api.w.org\/{rel}","templated":true}]}}