{"id":2672,"date":"2025-02-09T21:20:04","date_gmt":"2025-02-09T20:20:04","guid":{"rendered":"https:\/\/periodicolarepublica.com\/?p=2672"},"modified":"2025-02-09T21:20:04","modified_gmt":"2025-02-09T20:20:04","slug":"presidente-abinader-supervisa-avances-centro-medico-en-sabana-perdida","status":"publish","type":"post","link":"https:\/\/periodicolarepublica.com\/index.php\/2025\/02\/09\/presidente-abinader-supervisa-avances-centro-medico-en-sabana-perdida\/","title":{"rendered":"Presidente Abinader supervisa avances Centro Medico en Sabana Perdida"},"content":{"rendered":"<p>El presidente de la Rep\u00fablica, Luis Abinader, acompa\u00f1ado por el director del Servicio Nacional de Salud (SNS), Mario Lama, visit\u00f3 este domingo las instalaciones en construcci\u00f3n del Centro Cl\u00ednico y Diagn\u00f3stico Lotes y Servicios en Sabana Perdida, proyecto que promete transformar la atenci\u00f3n m\u00e9dica en la zona.<\/p>\n<p>Durante el recorrido, Lama inform\u00f3 que el remozamiento de las instalaciones se encuentra en un 70% de avance, con la proyecci\u00f3n de inauguraci\u00f3n a finales del mes de abril de este a\u00f1o. El centro ser\u00e1 un pilar fundamental para mejorar la calidad de vida de los habitantes, ofreciendo una amplia gama de servicios m\u00e9dicos de atenci\u00f3n primaria.<\/p>\n<p>\u300aEl nuevo centro, que contar\u00e1 con consultas de medicina familiar, pediatr\u00eda, ginecolog\u00eda, odontolog\u00eda, laboratorio y sonograf\u00eda, entre otros, resolver\u00e1 aproximadamente el 80% de los problemas de salud que enfrentan los residentes de esta comunidad\u300b, explic\u00f3 el titular del SNS.<\/p>\n<p><img loading=\"lazy\" decoding=\"async\" class=\"alignnone size-medium wp-image-2673\" src=\"https:\/\/periodicolarepublica.com\/wp-content\/uploads\/2025\/02\/pro-rQSaLuRl-300x200.jpeg\" alt=\"\" width=\"300\" height=\"200\" srcset=\"https:\/\/periodicolarepublica.com\/wp-content\/uploads\/2025\/02\/pro-rQSaLuRl-300x200.jpeg?v=1739132388 300w, https:\/\/periodicolarepublica.com\/wp-content\/uploads\/2025\/02\/pro-rQSaLuRl-1024x682.jpeg?v=1739132388 1024w, https:\/\/periodicolarepublica.com\/wp-content\/uploads\/2025\/02\/pro-rQSaLuRl-768x512.jpeg?v=1739132388 768w, https:\/\/periodicolarepublica.com\/wp-content\/uploads\/2025\/02\/pro-rQSaLuRl-150x100.jpeg?v=1739132388 150w, https:\/\/periodicolarepublica.com\/wp-content\/uploads\/2025\/02\/pro-rQSaLuRl-600x400.jpeg?v=1739132388 600w, https:\/\/periodicolarepublica.com\/wp-content\/uploads\/2025\/02\/pro-rQSaLuRl-696x464.jpeg?v=1739132388 696w, https:\/\/periodicolarepublica.com\/wp-content\/uploads\/2025\/02\/pro-rQSaLuRl-1068x712.jpeg?v=1739132388 1068w, https:\/\/periodicolarepublica.com\/wp-content\/uploads\/2025\/02\/pro-rQSaLuRl.jpeg?v=1739132388 1280w\" sizes=\"auto, (max-width: 300px) 100vw, 300px\" \/><\/p>\n","protected":false},"excerpt":{"rendered":"<p>El presidente de la Rep\u00fablica, Luis Abinader, acompa\u00f1ado por el director del Servicio Nacional de Salud (SNS), Mario Lama, visit\u00f3 este domingo las instalaciones en construcci\u00f3n del Centro Cl\u00ednico y Diagn\u00f3stico Lotes y Servicios en Sabana Perdida, proyecto que promete transformar la atenci\u00f3n m\u00e9dica en la zona. Durante el recorrido, Lama inform\u00f3 que el remozamiento [&hellip;]<\/p>\n","protected":false},"author":6,"featured_media":2673,"comment_status":"open","ping_status":"open","sticky":false,"template":"","format":"standard","meta":{"om_disable_all_campaigns":false,"_monsterinsights_skip_tracking":false,"_monsterinsights_sitenote_active":false,"_monsterinsights_sitenote_note":"","_monsterinsights_sitenote_category":0,"footnotes":""},"categories":[1],"tags":[],"class_list":{"0":"post-2672","1":"post","2":"type-post","3":"status-publish","4":"format-standard","5":"has-post-thumbnail","7":"category-nacionales"},"aioseo_notices":[],"_links":{"self":[{"href":"https:\/\/periodicolarepublica.com\/index.php\/wp-json\/wp\/v2\/posts\/2672","targetHints":{"allow":["GET"]}}],"collection":[{"href":"https:\/\/periodicolarepublica.com\/index.php\/wp-json\/wp\/v2\/posts"}],"about":[{"href":"https:\/\/periodicolarepublica.com\/index.php\/wp-json\/wp\/v2\/types\/post"}],"author":[{"embeddable":true,"href":"https:\/\/periodicolarepublica.com\/index.php\/wp-json\/wp\/v2\/users\/6"}],"replies":[{"embeddable":true,"href":"https:\/\/periodicolarepublica.com\/index.php\/wp-json\/wp\/v2\/comments?post=2672"}],"version-history":[{"count":1,"href":"https:\/\/periodicolarepublica.com\/index.php\/wp-json\/wp\/v2\/posts\/2672\/revisions"}],"predecessor-version":[{"id":2674,"href":"https:\/\/periodicolarepublica.com\/index.php\/wp-json\/wp\/v2\/posts\/2672\/revisions\/2674"}],"wp:featuredmedia":[{"embeddable":true,"href":"https:\/\/periodicolarepublica.com\/index.php\/wp-json\/wp\/v2\/media\/2673"}],"wp:attachment":[{"href":"https:\/\/periodicolarepublica.com\/index.php\/wp-json\/wp\/v2\/media?parent=2672"}],"wp:term":[{"taxonomy":"category","embeddable":true,"href":"https:\/\/periodicolarepublica.com\/index.php\/wp-json\/wp\/v2\/categories?post=2672"},{"taxonomy":"post_tag","embeddable":true,"href":"https:\/\/periodicolarepublica.com\/index.php\/wp-json\/wp\/v2\/tags?post=2672"}],"curies":[{"name":"wp","href":"https:\/\/api.w.org\/{rel}","templated":true}]}}