{"id":2675,"date":"2025-02-09T23:16:18","date_gmt":"2025-02-09T22:16:18","guid":{"rendered":"https:\/\/periodicolarepublica.com\/?p=2675"},"modified":"2025-02-09T23:16:18","modified_gmt":"2025-02-09T22:16:18","slug":"premios-oriente-2025-reconocimiento-a-las-personalidades-del-arte-y-la-labor-social","status":"publish","type":"post","link":"https:\/\/periodicolarepublica.com\/index.php\/2025\/02\/09\/premios-oriente-2025-reconocimiento-a-las-personalidades-del-arte-y-la-labor-social\/","title":{"rendered":"Premios Oriente 2025: Reconocimiento a las Personalidades del Arte y la Labor Social"},"content":{"rendered":"<p>La Romana- En su trig\u00e9sima entrega, los Premios Oriente 2025 se preparan para reconocer a destacadas personalidades del arte y la cultura, as\u00ed como a individuos comprometidos con el servicio social. Este prestigioso evento se llevar\u00e1 a cabo el pr\u00f3ximo 30 de marzo en el restaurante Bibelenke, situado en la provincia de La Romana, a partir de las 3:00 PM.<img loading=\"lazy\" decoding=\"async\" class=\"size-medium wp-image-2676 alignright\" src=\"https:\/\/periodicolarepublica.com\/wp-content\/uploads\/2025\/02\/IMG-20250209-WA0102-300x224.jpg\" alt=\"\" width=\"300\" height=\"224\" srcset=\"https:\/\/periodicolarepublica.com\/wp-content\/uploads\/2025\/02\/IMG-20250209-WA0102-300x224.jpg?v=1739139362 300w, https:\/\/periodicolarepublica.com\/wp-content\/uploads\/2025\/02\/IMG-20250209-WA0102-150x112.jpg?v=1739139362 150w, https:\/\/periodicolarepublica.com\/wp-content\/uploads\/2025\/02\/IMG-20250209-WA0102-600x448.jpg?v=1739139362 600w, https:\/\/periodicolarepublica.com\/wp-content\/uploads\/2025\/02\/IMG-20250209-WA0102-485x360.jpg?v=1739139362 485w, https:\/\/periodicolarepublica.com\/wp-content\/uploads\/2025\/02\/IMG-20250209-WA0102-696x519.jpg?v=1739139362 696w, https:\/\/periodicolarepublica.com\/wp-content\/uploads\/2025\/02\/IMG-20250209-WA0102-265x198.jpg?v=1739139362 265w, https:\/\/periodicolarepublica.com\/wp-content\/uploads\/2025\/02\/IMG-20250209-WA0102-530x396.jpg?v=1739139362 530w, https:\/\/periodicolarepublica.com\/wp-content\/uploads\/2025\/02\/IMG-20250209-WA0102.jpg?v=1739139362 720w\" sizes=\"auto, (max-width: 300px) 100vw, 300px\" \/><\/p>\n<p>Entre los galardonados de este a\u00f1o se encuentran el Dr. Elido Alc\u00e1ntara Su\u00e1rez y el Dr. Adolfo Portes Alc\u00e1ntara, quienes han dedicado sus vidas a mejorar la calidad de vida de sus comunidades a trav\u00e9s de su labor altruista. Su compromiso con el bienestar social ha dejado una huella imborrable en la sociedad.<\/p>\n<p>Otro de los reconocidos es Rafalito de los Santos, un hombre que ha sabido combinar su talento con una profunda responsabilidad social. Su trabajo no solo ha enriquecido el panorama cultural, sino que tambi\u00e9n ha tenido un impacto positivo en la comunidad, convirti\u00e9ndolo en un referente de inspiraci\u00f3n.<\/p>\n<p>La premiaci\u00f3n ser\u00e1 presidida por el comunicador JC Mart\u00ednez, quien ha sido un pilar en la promoci\u00f3n de la cultura y el arte en la regi\u00f3n. Su compromiso con la comunidad y su pasi\u00f3n por el reconocimiento de talentos locales hacen de este evento una celebraci\u00f3n significativa.<\/p>\n<p>Los Premios Oriente tienen como objetivo destacar y valorar el esfuerzo y dedicaci\u00f3n de aquellos que, a trav\u00e9s de su arte y compromiso social, contribuyen al desarrollo de la sociedad. Este a\u00f1o, la ceremonia promete ser un homenaje a la creatividad y la solidaridad.<\/p>\n<p>El evento contar\u00e1 con la presencia de figuras destacadas del arte, la cultura y la comunidad, as\u00ed como un selecto grupo de invitados que se unir\u00e1n para celebrar los logros de estos extraordinarios individuos. Se espera que la cita sea una oportunidad para fomentar la colaboraci\u00f3n y el apoyo mutuo entre los artistas y la comunidad.<\/p>\n<p>Invitamos a todos los interesados a unirse a esta celebraci\u00f3n, que no solo premiar\u00e1 a los ganadores, sino que tambi\u00e9n servir\u00e1 como plataforma para visibilizar el talento y la labor social en la regi\u00f3n.<\/p>\n","protected":false},"excerpt":{"rendered":"<p>La Romana- En su trig\u00e9sima entrega, los Premios Oriente 2025 se preparan para reconocer a destacadas personalidades del arte y la cultura, as\u00ed como a individuos comprometidos con el servicio social. Este prestigioso evento se llevar\u00e1 a cabo el pr\u00f3ximo 30 de marzo en el restaurante Bibelenke, situado en la provincia de La Romana, a [&hellip;]<\/p>\n","protected":false},"author":10,"featured_media":2676,"comment_status":"open","ping_status":"open","sticky":false,"template":"","format":"standard","meta":{"om_disable_all_campaigns":false,"_monsterinsights_skip_tracking":false,"_monsterinsights_sitenote_active":false,"_monsterinsights_sitenote_note":"","_monsterinsights_sitenote_category":0,"footnotes":""},"categories":[1],"tags":[],"class_list":{"0":"post-2675","1":"post","2":"type-post","3":"status-publish","4":"format-standard","5":"has-post-thumbnail","7":"category-nacionales"},"aioseo_notices":[],"_links":{"self":[{"href":"https:\/\/periodicolarepublica.com\/index.php\/wp-json\/wp\/v2\/posts\/2675","targetHints":{"allow":["GET"]}}],"collection":[{"href":"https:\/\/periodicolarepublica.com\/index.php\/wp-json\/wp\/v2\/posts"}],"about":[{"href":"https:\/\/periodicolarepublica.com\/index.php\/wp-json\/wp\/v2\/types\/post"}],"author":[{"embeddable":true,"href":"https:\/\/periodicolarepublica.com\/index.php\/wp-json\/wp\/v2\/users\/10"}],"replies":[{"embeddable":true,"href":"https:\/\/periodicolarepublica.com\/index.php\/wp-json\/wp\/v2\/comments?post=2675"}],"version-history":[{"count":1,"href":"https:\/\/periodicolarepublica.com\/index.php\/wp-json\/wp\/v2\/posts\/2675\/revisions"}],"predecessor-version":[{"id":2677,"href":"https:\/\/periodicolarepublica.com\/index.php\/wp-json\/wp\/v2\/posts\/2675\/revisions\/2677"}],"wp:featuredmedia":[{"embeddable":true,"href":"https:\/\/periodicolarepublica.com\/index.php\/wp-json\/wp\/v2\/media\/2676"}],"wp:attachment":[{"href":"https:\/\/periodicolarepublica.com\/index.php\/wp-json\/wp\/v2\/media?parent=2675"}],"wp:term":[{"taxonomy":"category","embeddable":true,"href":"https:\/\/periodicolarepublica.com\/index.php\/wp-json\/wp\/v2\/categories?post=2675"},{"taxonomy":"post_tag","embeddable":true,"href":"https:\/\/periodicolarepublica.com\/index.php\/wp-json\/wp\/v2\/tags?post=2675"}],"curies":[{"name":"wp","href":"https:\/\/api.w.org\/{rel}","templated":true}]}}