{"id":2678,"date":"2025-02-09T23:57:31","date_gmt":"2025-02-09T22:57:31","guid":{"rendered":"https:\/\/periodicolarepublica.com\/?p=2678"},"modified":"2025-02-09T23:57:31","modified_gmt":"2025-02-09T22:57:31","slug":"tomas-hernandez-alberto-responde-a-la-oposicion-el-prm-gobernara-mas-alla-de-2028","status":"publish","type":"post","link":"https:\/\/periodicolarepublica.com\/index.php\/2025\/02\/09\/tomas-hernandez-alberto-responde-a-la-oposicion-el-prm-gobernara-mas-alla-de-2028\/","title":{"rendered":"Tom\u00e1s Hern\u00e1ndez Alberto Responde a la Oposici\u00f3n: \u201cEl PRM Gobernar\u00e1 M\u00e1s All\u00e1 de 2028\u201d"},"content":{"rendered":"<p>Santo Domingo \u2013 En una reciente declaraci\u00f3n, el Ingeniero Tom\u00e1s Hern\u00e1ndez Alberto, miembro destacado del Partido Revolucionario Moderno (PRM), se dirigi\u00f3 a la oposici\u00f3n pol\u00edtica que firm\u00f3 una declaraci\u00f3n afirmando que su partido no permanecer\u00e1 en el poder para el a\u00f1o 2028. Hern\u00e1ndez Alberto fue claro y contundente en su respuesta: \u201cEl pasado no volver\u00e1\u201d.<img loading=\"lazy\" decoding=\"async\" class=\"size-medium wp-image-1804 alignright\" src=\"https:\/\/periodicolarepublica.com\/wp-content\/uploads\/2024\/10\/IMG-20240525-WA0100-300x200.jpg\" alt=\"\" width=\"300\" height=\"200\" srcset=\"https:\/\/periodicolarepublica.com\/wp-content\/uploads\/2024\/10\/IMG-20240525-WA0100-300x200.jpg?v=1727804560 300w, https:\/\/periodicolarepublica.com\/wp-content\/uploads\/2024\/10\/IMG-20240525-WA0100-1024x682.jpg?v=1727804560 1024w, https:\/\/periodicolarepublica.com\/wp-content\/uploads\/2024\/10\/IMG-20240525-WA0100-768x511.jpg?v=1727804560 768w, https:\/\/periodicolarepublica.com\/wp-content\/uploads\/2024\/10\/IMG-20240525-WA0100-150x100.jpg?v=1727804560 150w, https:\/\/periodicolarepublica.com\/wp-content\/uploads\/2024\/10\/IMG-20240525-WA0100-600x399.jpg?v=1727804560 600w, https:\/\/periodicolarepublica.com\/wp-content\/uploads\/2024\/10\/IMG-20240525-WA0100-696x463.jpg?v=1727804560 696w, https:\/\/periodicolarepublica.com\/wp-content\/uploads\/2024\/10\/IMG-20240525-WA0100-1068x711.jpg?v=1727804560 1068w, https:\/\/periodicolarepublica.com\/wp-content\/uploads\/2024\/10\/IMG-20240525-WA0100.jpg?v=1727804560 1080w\" sizes=\"auto, (max-width: 300px) 100vw, 300px\" \/><\/p>\n<p>El ingeniero inst\u00f3 a la oposici\u00f3n a reflexionar sobre su historia y los dos d\u00e9cadas de corrupci\u00f3n y tr\u00e1fico de influencias que caracterizaron su gobierno. \u201cSi quieren recordar, yo puedo recordarles la corrupci\u00f3n que marc\u00f3 su gesti\u00f3n\u201d, afirm\u00f3.<\/p>\n<p>Hern\u00e1ndez Alberto enfatiz\u00f3 que el PRM se encuentra actualmente en el gobierno promoviendo un cambio real y profundo bajo la direcci\u00f3n del presidente Luis Abinader. \u201cEstamos comprometidos con la transparencia y el servicio a la gente\u201d, a\u00f1adi\u00f3.<\/p>\n<p>Hoy, el presidente Luis Abinader llev\u00f3 a cabo el evento \u201cGobierno Contigo\u201d, donde todas las instituciones p\u00fablicas se unieron para brindar servicios directos a la ciudadan\u00eda. Este esfuerzo demuestra el compromiso del partido con el bienestar de la poblaci\u00f3n y su enfoque en la gesti\u00f3n p\u00fablica eficaz.<\/p>\n<p>\u201cEl PRM no solo est\u00e1 aqu\u00ed para el presente, sino que estamos construyendo un futuro sostenible. Creemos firmemente que vamos a durar muchos a\u00f1os m\u00e1s all\u00e1 de 2028\u201d, asegur\u00f3 el ingeniero. Esta visi\u00f3n de largo plazo est\u00e1 basada en la confianza y el apoyo del pueblo dominicano.<\/p>\n<p>Hern\u00e1ndez Alberto tambi\u00e9n destac\u00f3 las iniciativas de desarrollo social y econ\u00f3mico que se est\u00e1n implementando en el pa\u00eds. \u201cEstamos trabajando diariamente para mejorar la calidad de vida de nuestros ciudadanos y fortalecer nuestras instituciones\u201d, concluy\u00f3.<\/p>\n<p>La respuesta del ingeniero resuena en un momento crucial para la pol\u00edtica dominicana, donde el PRM contin\u00faa consolidando su liderazgo y compromiso con la transparencia y la rendici\u00f3n de cuentas.<\/p>\n","protected":false},"excerpt":{"rendered":"<p>Santo Domingo \u2013 En una reciente declaraci\u00f3n, el Ingeniero Tom\u00e1s Hern\u00e1ndez Alberto, miembro destacado del Partido Revolucionario Moderno (PRM), se dirigi\u00f3 a la oposici\u00f3n pol\u00edtica que firm\u00f3 una declaraci\u00f3n afirmando que su partido no permanecer\u00e1 en el poder para el a\u00f1o 2028. Hern\u00e1ndez Alberto fue claro y contundente en su respuesta: \u201cEl pasado no volver\u00e1\u201d. [&hellip;]<\/p>\n","protected":false},"author":10,"featured_media":1804,"comment_status":"open","ping_status":"open","sticky":false,"template":"","format":"standard","meta":{"om_disable_all_campaigns":false,"_monsterinsights_skip_tracking":false,"_monsterinsights_sitenote_active":false,"_monsterinsights_sitenote_note":"","_monsterinsights_sitenote_category":0,"footnotes":""},"categories":[1],"tags":[163],"class_list":{"0":"post-2678","1":"post","2":"type-post","3":"status-publish","4":"format-standard","5":"has-post-thumbnail","7":"category-nacionales","8":"tag-tomas-hernandez-alberto"},"aioseo_notices":[],"_links":{"self":[{"href":"https:\/\/periodicolarepublica.com\/index.php\/wp-json\/wp\/v2\/posts\/2678","targetHints":{"allow":["GET"]}}],"collection":[{"href":"https:\/\/periodicolarepublica.com\/index.php\/wp-json\/wp\/v2\/posts"}],"about":[{"href":"https:\/\/periodicolarepublica.com\/index.php\/wp-json\/wp\/v2\/types\/post"}],"author":[{"embeddable":true,"href":"https:\/\/periodicolarepublica.com\/index.php\/wp-json\/wp\/v2\/users\/10"}],"replies":[{"embeddable":true,"href":"https:\/\/periodicolarepublica.com\/index.php\/wp-json\/wp\/v2\/comments?post=2678"}],"version-history":[{"count":1,"href":"https:\/\/periodicolarepublica.com\/index.php\/wp-json\/wp\/v2\/posts\/2678\/revisions"}],"predecessor-version":[{"id":2679,"href":"https:\/\/periodicolarepublica.com\/index.php\/wp-json\/wp\/v2\/posts\/2678\/revisions\/2679"}],"wp:featuredmedia":[{"embeddable":true,"href":"https:\/\/periodicolarepublica.com\/index.php\/wp-json\/wp\/v2\/media\/1804"}],"wp:attachment":[{"href":"https:\/\/periodicolarepublica.com\/index.php\/wp-json\/wp\/v2\/media?parent=2678"}],"wp:term":[{"taxonomy":"category","embeddable":true,"href":"https:\/\/periodicolarepublica.com\/index.php\/wp-json\/wp\/v2\/categories?post=2678"},{"taxonomy":"post_tag","embeddable":true,"href":"https:\/\/periodicolarepublica.com\/index.php\/wp-json\/wp\/v2\/tags?post=2678"}],"curies":[{"name":"wp","href":"https:\/\/api.w.org\/{rel}","templated":true}]}}