{"id":2687,"date":"2025-02-12T04:21:48","date_gmt":"2025-02-12T03:21:48","guid":{"rendered":"https:\/\/periodicolarepublica.com\/?p=2687"},"modified":"2025-02-12T04:21:48","modified_gmt":"2025-02-12T03:21:48","slug":"tomas-hernandez-alberto-elogia-avances-en-transparencia-y-lucha-contra-la-corrupcion-en-el-pais","status":"publish","type":"post","link":"https:\/\/periodicolarepublica.com\/index.php\/2025\/02\/12\/tomas-hernandez-alberto-elogia-avances-en-transparencia-y-lucha-contra-la-corrupcion-en-el-pais\/","title":{"rendered":"Tom\u00e1s Hern\u00e1ndez Alberto Elogia Avances en Transparencia y Lucha Contra la Corrupci\u00f3n en el pa\u00eds"},"content":{"rendered":"<p>Santo Domingo, \u2014 El ingeniero Tom\u00e1s Hern\u00e1ndez Alberto ha destacado recientemente el manejo efectivo del gobierno del presidente Luis Abinader en temas cruciales como la transparencia, la honestidad y el combate a la corrupci\u00f3n. Seg\u00fan Hern\u00e1ndez, el pa\u00eds ha experimentado un avance significativo en estos aspectos, lo que marca un cambio positivo en la administraci\u00f3n p\u00fablica.<img loading=\"lazy\" decoding=\"async\" class=\"size-medium wp-image-2688 alignright\" src=\"https:\/\/periodicolarepublica.com\/wp-content\/uploads\/2025\/02\/IMG-20250211-WA0098-300x233.jpg\" alt=\"\" width=\"300\" height=\"233\" srcset=\"https:\/\/periodicolarepublica.com\/wp-content\/uploads\/2025\/02\/IMG-20250211-WA0098-300x233.jpg?v=1739330478 300w, https:\/\/periodicolarepublica.com\/wp-content\/uploads\/2025\/02\/IMG-20250211-WA0098-150x116.jpg?v=1739330478 150w, https:\/\/periodicolarepublica.com\/wp-content\/uploads\/2025\/02\/IMG-20250211-WA0098-600x466.jpg?v=1739330478 600w, https:\/\/periodicolarepublica.com\/wp-content\/uploads\/2025\/02\/IMG-20250211-WA0098-696x540.jpg?v=1739330478 696w, https:\/\/periodicolarepublica.com\/wp-content\/uploads\/2025\/02\/IMG-20250211-WA0098.jpg?v=1739330478 765w\" sizes=\"auto, (max-width: 300px) 100vw, 300px\" \/><\/p>\n<p>Durante una entrevista, Hern\u00e1ndez subray\u00f3 que la transparencia y el combate a la impunidad son pilares fundamentales de la gesti\u00f3n actual. \u201cEl gobierno de Luis Abinader es reconocido por su firme lucha contra la corrupci\u00f3n, un mal que ha afectado a la Rep\u00fablica Dominicana en el pasado\u201d, afirm\u00f3 el ingeniero, haciendo referencia a las administraciones de Leonel Fern\u00e1ndez y Danilo Medina.<\/p>\n<p>Hern\u00e1ndez resalt\u00f3 que, a diferencia de administraciones anteriores, el gobierno actual ha implementado medidas concretas para garantizar la transparencia en el uso de los recursos p\u00fablicos. \u201cHoy podemos mirar al futuro con esperanza, gracias a las iniciativas que se est\u00e1n llevando a cabo\u201d, indic\u00f3.<\/p>\n<p>El ingeniero tambi\u00e9n mencion\u00f3 que la consolidaci\u00f3n de un Gobierno abierto es clave para fomentar la confianza de los ciudadanos en las instituciones. \u201cLa participaci\u00f3n ciudadana y la rendici\u00f3n de cuentas son esenciales para erradicar la corrupci\u00f3n de una vez por todas\u201d, agreg\u00f3.<\/p>\n<p>Adem\u00e1s, Hern\u00e1ndez hizo hincapi\u00e9 en la importancia de la educaci\u00f3n y la conciencia ciudadana en la lucha contra la corrupci\u00f3n. \u201cEs fundamental que los ciudadanos est\u00e9n informados y participen activamente en la vigilancia de la gesti\u00f3n p\u00fablica\u201d, afirm\u00f3.<\/p>\n<p>El ingeniero concluy\u00f3 su intervenci\u00f3n se\u00f1alando que el gobierno de Luis Abinader est\u00e1 comprometido con la construcci\u00f3n de un pa\u00eds m\u00e1s transparente y justo. \u201cEstamos en el camino correcto, y el esfuerzo conjunto de la sociedad y el gobierno es crucial para lograrlo\u201d, asegur\u00f3.<\/p>\n<p>Hern\u00e1ndez expres\u00f3 su apoyo a las pol\u00edticas implementadas por Abinader y llam\u00f3 a la ciudadan\u00eda a mantenerse vigilante y activa en la defensa de la transparencia y la honestidad en la administraci\u00f3n p\u00fablica. \u201cEl cambio es posible, y juntos podemos lograrlo\u201d, concluy\u00f3.<\/p>\n","protected":false},"excerpt":{"rendered":"<p>Santo Domingo, \u2014 El ingeniero Tom\u00e1s Hern\u00e1ndez Alberto ha destacado recientemente el manejo efectivo del gobierno del presidente Luis Abinader en temas cruciales como la transparencia, la honestidad y el combate a la corrupci\u00f3n. Seg\u00fan Hern\u00e1ndez, el pa\u00eds ha experimentado un avance significativo en estos aspectos, lo que marca un cambio positivo en la administraci\u00f3n [&hellip;]<\/p>\n","protected":false},"author":10,"featured_media":2688,"comment_status":"open","ping_status":"open","sticky":false,"template":"","format":"standard","meta":{"om_disable_all_campaigns":false,"_monsterinsights_skip_tracking":false,"_monsterinsights_sitenote_active":false,"_monsterinsights_sitenote_note":"","_monsterinsights_sitenote_category":0,"footnotes":""},"categories":[1],"tags":[163],"class_list":{"0":"post-2687","1":"post","2":"type-post","3":"status-publish","4":"format-standard","5":"has-post-thumbnail","7":"category-nacionales","8":"tag-tomas-hernandez-alberto"},"aioseo_notices":[],"_links":{"self":[{"href":"https:\/\/periodicolarepublica.com\/index.php\/wp-json\/wp\/v2\/posts\/2687","targetHints":{"allow":["GET"]}}],"collection":[{"href":"https:\/\/periodicolarepublica.com\/index.php\/wp-json\/wp\/v2\/posts"}],"about":[{"href":"https:\/\/periodicolarepublica.com\/index.php\/wp-json\/wp\/v2\/types\/post"}],"author":[{"embeddable":true,"href":"https:\/\/periodicolarepublica.com\/index.php\/wp-json\/wp\/v2\/users\/10"}],"replies":[{"embeddable":true,"href":"https:\/\/periodicolarepublica.com\/index.php\/wp-json\/wp\/v2\/comments?post=2687"}],"version-history":[{"count":1,"href":"https:\/\/periodicolarepublica.com\/index.php\/wp-json\/wp\/v2\/posts\/2687\/revisions"}],"predecessor-version":[{"id":2689,"href":"https:\/\/periodicolarepublica.com\/index.php\/wp-json\/wp\/v2\/posts\/2687\/revisions\/2689"}],"wp:featuredmedia":[{"embeddable":true,"href":"https:\/\/periodicolarepublica.com\/index.php\/wp-json\/wp\/v2\/media\/2688"}],"wp:attachment":[{"href":"https:\/\/periodicolarepublica.com\/index.php\/wp-json\/wp\/v2\/media?parent=2687"}],"wp:term":[{"taxonomy":"category","embeddable":true,"href":"https:\/\/periodicolarepublica.com\/index.php\/wp-json\/wp\/v2\/categories?post=2687"},{"taxonomy":"post_tag","embeddable":true,"href":"https:\/\/periodicolarepublica.com\/index.php\/wp-json\/wp\/v2\/tags?post=2687"}],"curies":[{"name":"wp","href":"https:\/\/api.w.org\/{rel}","templated":true}]}}