{"id":2690,"date":"2025-02-12T13:12:57","date_gmt":"2025-02-12T12:12:57","guid":{"rendered":"https:\/\/periodicolarepublica.com\/?p=2690"},"modified":"2025-02-12T13:12:57","modified_gmt":"2025-02-12T12:12:57","slug":"alcaldia-del-distrito-nacional-elimina-vertedero-improvisado-en-la-yaguita","status":"publish","type":"post","link":"https:\/\/periodicolarepublica.com\/index.php\/2025\/02\/12\/alcaldia-del-distrito-nacional-elimina-vertedero-improvisado-en-la-yaguita\/","title":{"rendered":"Alcald\u00eda del Distrito Nacional elimina vertedero improvisado en La Yag\u00fcita"},"content":{"rendered":"<p>DUEP retira chatarras que dificultaban la recogida de desechos<\/p>\n<p>Santo Domingo, DN &#8211; La Alcald\u00eda del Distrito Nacional elimin\u00f3 un vertedero improvisado ubicado en la calle Central del sector La Yag\u00fcita.<\/p>\n<p>&nbsp;<\/p>\n<p>Bajo los lineamientos de la alcaldesa Carolina Mej\u00eda, las Brigadas de la Direcci\u00f3n de Aseo Urbano del cabildo eliminaron el vertedero la tarde de este martes.<\/p>\n<p>En ese sentido, la alcald\u00eda aclar\u00f3 que a pesar de que *la frecuencia de recogida de los desechos es de lunes a viernes, los camiones se ven impedidos de realizar las labores en esa calle, debido a que due\u00f1os parquean veh\u00edculos, incluyendo chatarras*, en puntos que imposibilitan el acceso de los compactadores.<\/p>\n<p>La Direcci\u00f3n de Defensor\u00eda y Uso de Espacios P\u00fablicos (DUEP) realiz\u00f3 un levantamiento en la referida v\u00eda, tras el cual fiscaliz\u00f3 a los propietarios y retir\u00f3 dos veh\u00edculos en condici\u00f3n de chatarra.<\/p>\n<p>&nbsp;<\/p>\n<p>Con la intervenci\u00f3n, el cabildo capitale\u00f1o reafirma su compromiso con el bienestar de los moradores de La Yag\u00fcita, a trav\u00e9s de la limpieza y el orden, para lo cual solicita su cooperaci\u00f3n.<\/p>\n<p>La Acald\u00eda del Distrito Nacional record\u00f3 que es un compromiso ciudadano no utilizar estos accesos de forma indebida para el facilitar la entrada de los camiones, as\u00ed como el manejo adecuado de los desechos.<\/p>\n<p><img loading=\"lazy\" decoding=\"async\" class=\"alignnone size-medium wp-image-2691\" src=\"https:\/\/periodicolarepublica.com\/wp-content\/uploads\/2025\/02\/IMG-20250212-WA0003-300x169.jpg\" alt=\"\" width=\"300\" height=\"169\" srcset=\"https:\/\/periodicolarepublica.com\/wp-content\/uploads\/2025\/02\/IMG-20250212-WA0003-300x169.jpg?v=1739362295 300w, https:\/\/periodicolarepublica.com\/wp-content\/uploads\/2025\/02\/IMG-20250212-WA0003-1024x576.jpg?v=1739362295 1024w, https:\/\/periodicolarepublica.com\/wp-content\/uploads\/2025\/02\/IMG-20250212-WA0003-768x432.jpg?v=1739362295 768w, https:\/\/periodicolarepublica.com\/wp-content\/uploads\/2025\/02\/IMG-20250212-WA0003-1536x864.jpg?v=1739362295 1536w, https:\/\/periodicolarepublica.com\/wp-content\/uploads\/2025\/02\/IMG-20250212-WA0003-2048x1152.jpg?v=1739362295 2048w, https:\/\/periodicolarepublica.com\/wp-content\/uploads\/2025\/02\/IMG-20250212-WA0003-150x84.jpg?v=1739362295 150w, https:\/\/periodicolarepublica.com\/wp-content\/uploads\/2025\/02\/IMG-20250212-WA0003-600x338.jpg?v=1739362295 600w, https:\/\/periodicolarepublica.com\/wp-content\/uploads\/2025\/02\/IMG-20250212-WA0003-696x392.jpg?v=1739362295 696w, https:\/\/periodicolarepublica.com\/wp-content\/uploads\/2025\/02\/IMG-20250212-WA0003-1392x783.jpg?v=1739362295 1392w, https:\/\/periodicolarepublica.com\/wp-content\/uploads\/2025\/02\/IMG-20250212-WA0003-1068x601.jpg?v=1739362295 1068w, https:\/\/periodicolarepublica.com\/wp-content\/uploads\/2025\/02\/IMG-20250212-WA0003-1920x1080.jpg?v=1739362295 1920w\" sizes=\"auto, (max-width: 300px) 100vw, 300px\" \/><\/p>\n","protected":false},"excerpt":{"rendered":"<p>DUEP retira chatarras que dificultaban la recogida de desechos Santo Domingo, DN &#8211; La Alcald\u00eda del Distrito Nacional elimin\u00f3 un vertedero improvisado ubicado en la calle Central del sector La Yag\u00fcita. &nbsp; Bajo los lineamientos de la alcaldesa Carolina Mej\u00eda, las Brigadas de la Direcci\u00f3n de Aseo Urbano del cabildo eliminaron el vertedero la tarde [&hellip;]<\/p>\n","protected":false},"author":6,"featured_media":2691,"comment_status":"open","ping_status":"open","sticky":false,"template":"","format":"standard","meta":{"om_disable_all_campaigns":false,"_monsterinsights_skip_tracking":false,"_monsterinsights_sitenote_active":false,"_monsterinsights_sitenote_note":"","_monsterinsights_sitenote_category":0,"footnotes":""},"categories":[1],"tags":[],"class_list":{"0":"post-2690","1":"post","2":"type-post","3":"status-publish","4":"format-standard","5":"has-post-thumbnail","7":"category-nacionales"},"aioseo_notices":[],"_links":{"self":[{"href":"https:\/\/periodicolarepublica.com\/index.php\/wp-json\/wp\/v2\/posts\/2690","targetHints":{"allow":["GET"]}}],"collection":[{"href":"https:\/\/periodicolarepublica.com\/index.php\/wp-json\/wp\/v2\/posts"}],"about":[{"href":"https:\/\/periodicolarepublica.com\/index.php\/wp-json\/wp\/v2\/types\/post"}],"author":[{"embeddable":true,"href":"https:\/\/periodicolarepublica.com\/index.php\/wp-json\/wp\/v2\/users\/6"}],"replies":[{"embeddable":true,"href":"https:\/\/periodicolarepublica.com\/index.php\/wp-json\/wp\/v2\/comments?post=2690"}],"version-history":[{"count":1,"href":"https:\/\/periodicolarepublica.com\/index.php\/wp-json\/wp\/v2\/posts\/2690\/revisions"}],"predecessor-version":[{"id":2692,"href":"https:\/\/periodicolarepublica.com\/index.php\/wp-json\/wp\/v2\/posts\/2690\/revisions\/2692"}],"wp:featuredmedia":[{"embeddable":true,"href":"https:\/\/periodicolarepublica.com\/index.php\/wp-json\/wp\/v2\/media\/2691"}],"wp:attachment":[{"href":"https:\/\/periodicolarepublica.com\/index.php\/wp-json\/wp\/v2\/media?parent=2690"}],"wp:term":[{"taxonomy":"category","embeddable":true,"href":"https:\/\/periodicolarepublica.com\/index.php\/wp-json\/wp\/v2\/categories?post=2690"},{"taxonomy":"post_tag","embeddable":true,"href":"https:\/\/periodicolarepublica.com\/index.php\/wp-json\/wp\/v2\/tags?post=2690"}],"curies":[{"name":"wp","href":"https:\/\/api.w.org\/{rel}","templated":true}]}}