{"id":2693,"date":"2025-02-12T15:44:55","date_gmt":"2025-02-12T14:44:55","guid":{"rendered":"https:\/\/periodicolarepublica.com\/?p=2693"},"modified":"2025-02-12T15:44:55","modified_gmt":"2025-02-12T14:44:55","slug":"exdiputada-va-por-la-secretaria-general-del-prm-en-san-jose-de-ocoa","status":"publish","type":"post","link":"https:\/\/periodicolarepublica.com\/index.php\/2025\/02\/12\/exdiputada-va-por-la-secretaria-general-del-prm-en-san-jose-de-ocoa\/","title":{"rendered":"Exdiputada va por la Secretaria General del PRM en San Jos\u00e9 de Ocoa"},"content":{"rendered":"<p>San Jos\u00e9 de Ocoa, RD.- La exdiputada por San Jos\u00e9 de Ocoa y fundadora del Partido Revolucionario Moderno (PRM), en esa provincia dio a conocer su intenci\u00f3n de ocupar la Secretaria General de la organizaci\u00f3n pol\u00edtica en esa localidad.<\/p>\n<p>Esther Minyety, fundadora y luchadora por la formaci\u00f3n del PRM en la regi\u00f3n Sur del pa\u00eds, manifest\u00f3 que busca esa posici\u00f3n para desde las bases del partido aportar al desarrollo de la provincia que la vio nacer.<\/p>\n<p>Minyety, primera mujer diputada en San Jos\u00e9 de Ocoa, ocup\u00f3 el cargo en el per\u00edodo 2010-2016.<br \/>\nMujer con experiencia probada en la lucha por los ideales del PRM, dijo que con su aspiraci\u00f3n renueva su compromiso con las bases del Partido Revolucionario Moderno y su provincia.<\/p>\n<p>Record\u00f3 aspira a la Secretaria General del PRM en San Jos\u00e9 de Ocoa porque conoce a los verdaderos perremeistas de esa demarcaci\u00f3n y sabe que merecen lo mejor.<img loading=\"lazy\" decoding=\"async\" class=\"size-medium wp-image-2694 alignright\" src=\"https:\/\/periodicolarepublica.com\/wp-content\/uploads\/2025\/02\/IMG-20250212-WA0031-300x300.jpg\" alt=\"\" width=\"300\" height=\"300\" srcset=\"https:\/\/periodicolarepublica.com\/wp-content\/uploads\/2025\/02\/IMG-20250212-WA0031-300x300.jpg?v=1739371470 300w, https:\/\/periodicolarepublica.com\/wp-content\/uploads\/2025\/02\/IMG-20250212-WA0031-150x150.jpg?v=1739371470 150w, https:\/\/periodicolarepublica.com\/wp-content\/uploads\/2025\/02\/IMG-20250212-WA0031.jpg?v=1739371470 480w\" sizes=\"auto, (max-width: 300px) 100vw, 300px\" \/><\/p>\n<p>En ese sentido, pidi\u00f3 a sus compa\u00f1eros del partido apoyar y respaldar su propuesta orientada en el desarrollo de la provincia y su liderazgo pol\u00edtico y social.<br \/>\nDesde el Congreso Nacional, Esther Minyety luch\u00f3 por el desarrollo social, econ\u00f3mico y pol\u00edtico de San Jos\u00e9 de Ocoa.<\/p>\n","protected":false},"excerpt":{"rendered":"<p>San Jos\u00e9 de Ocoa, RD.- La exdiputada por San Jos\u00e9 de Ocoa y fundadora del Partido Revolucionario Moderno (PRM), en esa provincia dio a conocer su intenci\u00f3n de ocupar la Secretaria General de la organizaci\u00f3n pol\u00edtica en esa localidad. Esther Minyety, fundadora y luchadora por la formaci\u00f3n del PRM en la regi\u00f3n Sur del pa\u00eds, [&hellip;]<\/p>\n","protected":false},"author":10,"featured_media":2694,"comment_status":"open","ping_status":"open","sticky":false,"template":"","format":"standard","meta":{"om_disable_all_campaigns":false,"_monsterinsights_skip_tracking":false,"_monsterinsights_sitenote_active":false,"_monsterinsights_sitenote_note":"","_monsterinsights_sitenote_category":0,"footnotes":""},"categories":[1],"tags":[],"class_list":{"0":"post-2693","1":"post","2":"type-post","3":"status-publish","4":"format-standard","5":"has-post-thumbnail","7":"category-nacionales"},"aioseo_notices":[],"_links":{"self":[{"href":"https:\/\/periodicolarepublica.com\/index.php\/wp-json\/wp\/v2\/posts\/2693","targetHints":{"allow":["GET"]}}],"collection":[{"href":"https:\/\/periodicolarepublica.com\/index.php\/wp-json\/wp\/v2\/posts"}],"about":[{"href":"https:\/\/periodicolarepublica.com\/index.php\/wp-json\/wp\/v2\/types\/post"}],"author":[{"embeddable":true,"href":"https:\/\/periodicolarepublica.com\/index.php\/wp-json\/wp\/v2\/users\/10"}],"replies":[{"embeddable":true,"href":"https:\/\/periodicolarepublica.com\/index.php\/wp-json\/wp\/v2\/comments?post=2693"}],"version-history":[{"count":1,"href":"https:\/\/periodicolarepublica.com\/index.php\/wp-json\/wp\/v2\/posts\/2693\/revisions"}],"predecessor-version":[{"id":2695,"href":"https:\/\/periodicolarepublica.com\/index.php\/wp-json\/wp\/v2\/posts\/2693\/revisions\/2695"}],"wp:featuredmedia":[{"embeddable":true,"href":"https:\/\/periodicolarepublica.com\/index.php\/wp-json\/wp\/v2\/media\/2694"}],"wp:attachment":[{"href":"https:\/\/periodicolarepublica.com\/index.php\/wp-json\/wp\/v2\/media?parent=2693"}],"wp:term":[{"taxonomy":"category","embeddable":true,"href":"https:\/\/periodicolarepublica.com\/index.php\/wp-json\/wp\/v2\/categories?post=2693"},{"taxonomy":"post_tag","embeddable":true,"href":"https:\/\/periodicolarepublica.com\/index.php\/wp-json\/wp\/v2\/tags?post=2693"}],"curies":[{"name":"wp","href":"https:\/\/api.w.org\/{rel}","templated":true}]}}