{"id":2699,"date":"2025-02-13T22:39:28","date_gmt":"2025-02-13T21:39:28","guid":{"rendered":"https:\/\/periodicolarepublica.com\/?p=2699"},"modified":"2025-02-13T22:39:28","modified_gmt":"2025-02-13T21:39:28","slug":"la-ley-de-residuos-solidos-continua-recibiendo-apoyo-de-los-alcaldes-del-pais","status":"publish","type":"post","link":"https:\/\/periodicolarepublica.com\/index.php\/2025\/02\/13\/la-ley-de-residuos-solidos-continua-recibiendo-apoyo-de-los-alcaldes-del-pais\/","title":{"rendered":"La Ley de Residuos S\u00f3lidos contin\u00faa recibiendo apoyo de los alcaldes del pa\u00eds"},"content":{"rendered":"<p>Santo Domingo RD.El proyecto de Ley 225-20 de Gesti\u00f3n Integral y Coprocesamiento de Residuos S\u00f3lidos, contin\u00faa recibiendo respaldo de los alcaldes y distritos del pa\u00eds, estos se le suman lo que integran la Regi\u00f3n Enriquillo.<img loading=\"lazy\" decoding=\"async\" class=\"alignnone size-medium wp-image-2700\" src=\"https:\/\/periodicolarepublica.com\/wp-content\/uploads\/2025\/02\/IMG-20250213-WA0047-300x225.jpg\" alt=\"\" width=\"300\" height=\"225\" srcset=\"https:\/\/periodicolarepublica.com\/wp-content\/uploads\/2025\/02\/IMG-20250213-WA0047-300x225.jpg?v=1739482756 300w, https:\/\/periodicolarepublica.com\/wp-content\/uploads\/2025\/02\/IMG-20250213-WA0047-1024x768.jpg?v=1739482756 1024w, https:\/\/periodicolarepublica.com\/wp-content\/uploads\/2025\/02\/IMG-20250213-WA0047-768x576.jpg?v=1739482756 768w, https:\/\/periodicolarepublica.com\/wp-content\/uploads\/2025\/02\/IMG-20250213-WA0047-1536x1152.jpg?v=1739482756 1536w, https:\/\/periodicolarepublica.com\/wp-content\/uploads\/2025\/02\/IMG-20250213-WA0047-150x113.jpg?v=1739482756 150w, https:\/\/periodicolarepublica.com\/wp-content\/uploads\/2025\/02\/IMG-20250213-WA0047-600x450.jpg?v=1739482756 600w, https:\/\/periodicolarepublica.com\/wp-content\/uploads\/2025\/02\/IMG-20250213-WA0047-696x522.jpg?v=1739482756 696w, https:\/\/periodicolarepublica.com\/wp-content\/uploads\/2025\/02\/IMG-20250213-WA0047-1392x1044.jpg?v=1739482756 1392w, https:\/\/periodicolarepublica.com\/wp-content\/uploads\/2025\/02\/IMG-20250213-WA0047-1068x801.jpg?v=1739482756 1068w, https:\/\/periodicolarepublica.com\/wp-content\/uploads\/2025\/02\/IMG-20250213-WA0047-265x198.jpg?v=1739482756 265w, https:\/\/periodicolarepublica.com\/wp-content\/uploads\/2025\/02\/IMG-20250213-WA0047-530x396.jpg?v=1739482756 530w, https:\/\/periodicolarepublica.com\/wp-content\/uploads\/2025\/02\/IMG-20250213-WA0047.jpg?v=1739482756 1600w\" sizes=\"auto, (max-width: 300px) 100vw, 300px\" \/><\/p>\n<p>El encuentro con los alcaldes fue encabezado por el director ejecutivo de Fedodim , Pedro Richardson, donde dej\u00f3 claro la importancia que tiene para el pa\u00eds y los municipios la aprobaci\u00f3n por parte de los diputados de este proyecto de Ley que ya fue aprobado en el Senado de la Rep\u00fablica.<\/p>\n<p>El municipalista explic\u00f3 que importantes para el desarrollo de esta regi\u00f3n impulsar una econom\u00eda que sea producto del reciclaje y el buen manejo de los Residuos S\u00f3lidos.<\/p>\n<p>Richardson el pa\u00eds produce 4.5 millones de toneladas de residuos s\u00f3lidos al a\u00f1os y que el costo promedio en la regi\u00f3n para la recolecci\u00f3n y destino final es de 100 d\u00f3lares, por lo que necesitamos 28 mil millones de pesos y sin embargo somos los que menos invertimos.<\/p>\n<p>El presidente de Fedodim asegur\u00f3 que con un aporte de 30 pesos mensuales que contempla la iniciativa que haga el gobierno central a los gobiernos locales para la recolecci\u00f3n de los residuos dar\u00e1 sostenibilidad al servicio y permitir\u00e1 la renovaci\u00f3n de una flota antiqu\u00edsima e inapropiada constituida mayoritariamente por camiones compactadores de 30 y 25 a\u00f1os que trabajan un d\u00eda y duran tres en los talleres o camiones vers\u00e1tiles que esparcen m\u00e1s residuos en las calles que los que llevan a los vertederos, apunt\u00f3 el experto municipalista.<\/p>\n<p>Alcaldes y directores de distritos que la participaron<\/p>\n<p>Los alcaldes municipal y directores de distrito que participaron en la conferencia estan: Ramon Perez Terrero, alcalde municipal de Enriquillo, Heriberto Mendez Delgado, Jaquineyes, Jelvin Beltre feliz, del municipio de Cabral, Rolbik Urbaez Feliz, del municipio de Polo, Danilsa Cuevas feliz.<\/p>\n<p>Adem\u00e1s los alcaldes distritales<br \/>\nde Cabeza de Toro,<br \/>\nGerineldo Pi\u00f1a, alcalde de Mena, Brandy Cuevas, alcalde de El Palmar,<br \/>\nLuis Enrique, alcalde de Uvilla, Samuel Ramirez, alcalde de Santa Barbare<br \/>\nSimon Bolivar, alcalde de Fondo Negro,Radhames Campo, alcalde de Quita Cotaza, Ranyel Mendez, alcalde de Guayabal, Waner Carrasco, alcalde de La Guazara,<br \/>\nSaul Lopez.<\/p>\n<p>Tambi\u00e9n el alcalde Bahoruco,<br \/>\nFrancisco Gomez, alcalde de Cach\u00f3n, Nery Medina, alcalde de La Colonia<br \/>\nMiguel Waleski, el alcalde de Los Patos, Manuel Texano acompa\u00f1ados de sus regidores l\u00edderes comunitarios y empresarios del sector.<\/p>\n","protected":false},"excerpt":{"rendered":"<p>Santo Domingo RD.El proyecto de Ley 225-20 de Gesti\u00f3n Integral y Coprocesamiento de Residuos S\u00f3lidos, contin\u00faa recibiendo respaldo de los alcaldes y distritos del pa\u00eds, estos se le suman lo que integran la Regi\u00f3n Enriquillo. El encuentro con los alcaldes fue encabezado por el director ejecutivo de Fedodim , Pedro Richardson, donde dej\u00f3 claro la [&hellip;]<\/p>\n","protected":false},"author":10,"featured_media":2700,"comment_status":"open","ping_status":"open","sticky":false,"template":"","format":"standard","meta":{"om_disable_all_campaigns":false,"_monsterinsights_skip_tracking":false,"_monsterinsights_sitenote_active":false,"_monsterinsights_sitenote_note":"","_monsterinsights_sitenote_category":0,"footnotes":""},"categories":[1],"tags":[],"class_list":{"0":"post-2699","1":"post","2":"type-post","3":"status-publish","4":"format-standard","5":"has-post-thumbnail","7":"category-nacionales"},"aioseo_notices":[],"_links":{"self":[{"href":"https:\/\/periodicolarepublica.com\/index.php\/wp-json\/wp\/v2\/posts\/2699","targetHints":{"allow":["GET"]}}],"collection":[{"href":"https:\/\/periodicolarepublica.com\/index.php\/wp-json\/wp\/v2\/posts"}],"about":[{"href":"https:\/\/periodicolarepublica.com\/index.php\/wp-json\/wp\/v2\/types\/post"}],"author":[{"embeddable":true,"href":"https:\/\/periodicolarepublica.com\/index.php\/wp-json\/wp\/v2\/users\/10"}],"replies":[{"embeddable":true,"href":"https:\/\/periodicolarepublica.com\/index.php\/wp-json\/wp\/v2\/comments?post=2699"}],"version-history":[{"count":1,"href":"https:\/\/periodicolarepublica.com\/index.php\/wp-json\/wp\/v2\/posts\/2699\/revisions"}],"predecessor-version":[{"id":2701,"href":"https:\/\/periodicolarepublica.com\/index.php\/wp-json\/wp\/v2\/posts\/2699\/revisions\/2701"}],"wp:featuredmedia":[{"embeddable":true,"href":"https:\/\/periodicolarepublica.com\/index.php\/wp-json\/wp\/v2\/media\/2700"}],"wp:attachment":[{"href":"https:\/\/periodicolarepublica.com\/index.php\/wp-json\/wp\/v2\/media?parent=2699"}],"wp:term":[{"taxonomy":"category","embeddable":true,"href":"https:\/\/periodicolarepublica.com\/index.php\/wp-json\/wp\/v2\/categories?post=2699"},{"taxonomy":"post_tag","embeddable":true,"href":"https:\/\/periodicolarepublica.com\/index.php\/wp-json\/wp\/v2\/tags?post=2699"}],"curies":[{"name":"wp","href":"https:\/\/api.w.org\/{rel}","templated":true}]}}