{"id":270,"date":"2023-12-11T18:52:08","date_gmt":"2023-12-11T17:52:08","guid":{"rendered":"https:\/\/periodicolarepublica.com\/?p=270"},"modified":"2023-12-11T18:52:55","modified_gmt":"2023-12-11T17:52:55","slug":"turismo-inicia-malecones-de-fiesta","status":"publish","type":"post","link":"https:\/\/periodicolarepublica.com\/index.php\/2023\/12\/11\/turismo-inicia-malecones-de-fiesta\/","title":{"rendered":"Turismo inicia Malecones de Fiesta"},"content":{"rendered":"<p>&nbsp;<\/p>\n<p><img loading=\"lazy\" decoding=\"async\" class=\"alignnone size-medium wp-image-271\" src=\"https:\/\/periodicolarepublica.com\/wp-content\/uploads\/2023\/12\/IMG-20231211-WA0000-300x189.jpg\" alt=\"\" width=\"300\" height=\"189\" srcset=\"https:\/\/periodicolarepublica.com\/wp-content\/uploads\/2023\/12\/IMG-20231211-WA0000-300x189.jpg?v=1715379844 300w, https:\/\/periodicolarepublica.com\/wp-content\/uploads\/2023\/12\/IMG-20231211-WA0000-768x483.jpg?v=1715379844 768w, https:\/\/periodicolarepublica.com\/wp-content\/uploads\/2023\/12\/IMG-20231211-WA0000-150x94.jpg?v=1715379844 150w, https:\/\/periodicolarepublica.com\/wp-content\/uploads\/2023\/12\/IMG-20231211-WA0000-600x377.jpg?v=1715379844 600w, https:\/\/periodicolarepublica.com\/wp-content\/uploads\/2023\/12\/IMG-20231211-WA0000-696x438.jpg?v=1715379844 696w, https:\/\/periodicolarepublica.com\/wp-content\/uploads\/2023\/12\/IMG-20231211-WA0000.jpg?v=1715379844 1024w\" sizes=\"auto, (max-width: 300px) 100vw, 300px\" \/> A ritmo de musica el Ministerio de Turismo inici\u00f3 el programa Malecones de Fiesta, una plataforma donde tendr\u00e1n presentaciones art\u00edsticas.\u00a0 Las presentaciones, con motivo de la Navidad, seran\u00a0 en Santo Domingo Este, La Romana, Cabrera y Puerto Plata.<\/p>\n<blockquote>\n<p style=\"text-align: right;\">El Ministro David Collado se present\u00f3 en la del Malec\u00f3n de Santo Domingo Este, durante una presentaci\u00f3n m\u00fasical.<\/p>\n<\/blockquote>\n","protected":false},"excerpt":{"rendered":"<p>&nbsp; A ritmo de musica el Ministerio de Turismo inici\u00f3 el programa Malecones de Fiesta, una plataforma donde tendr\u00e1n presentaciones art\u00edsticas.\u00a0 Las presentaciones, con motivo de la Navidad, seran\u00a0 en Santo Domingo Este, La Romana, Cabrera y Puerto Plata. El Ministro David Collado se present\u00f3 en la del Malec\u00f3n de Santo Domingo Este, durante una [&hellip;]<\/p>\n","protected":false},"author":1,"featured_media":271,"comment_status":"open","ping_status":"open","sticky":false,"template":"","format":"standard","meta":{"om_disable_all_campaigns":false,"_monsterinsights_skip_tracking":false,"_monsterinsights_sitenote_active":false,"_monsterinsights_sitenote_note":"","_monsterinsights_sitenote_category":0,"footnotes":""},"categories":[20],"tags":[11,30,31,22,32],"class_list":{"0":"post-270","1":"post","2":"type-post","3":"status-publish","4":"format-standard","5":"has-post-thumbnail","7":"category-turismo","8":"tag-navidad","9":"tag-david-collado","10":"tag-malecon","11":"tag-turismo","12":"tag-volvio-juanita"},"aioseo_notices":[],"_links":{"self":[{"href":"https:\/\/periodicolarepublica.com\/index.php\/wp-json\/wp\/v2\/posts\/270","targetHints":{"allow":["GET"]}}],"collection":[{"href":"https:\/\/periodicolarepublica.com\/index.php\/wp-json\/wp\/v2\/posts"}],"about":[{"href":"https:\/\/periodicolarepublica.com\/index.php\/wp-json\/wp\/v2\/types\/post"}],"author":[{"embeddable":true,"href":"https:\/\/periodicolarepublica.com\/index.php\/wp-json\/wp\/v2\/users\/1"}],"replies":[{"embeddable":true,"href":"https:\/\/periodicolarepublica.com\/index.php\/wp-json\/wp\/v2\/comments?post=270"}],"version-history":[{"count":1,"href":"https:\/\/periodicolarepublica.com\/index.php\/wp-json\/wp\/v2\/posts\/270\/revisions"}],"predecessor-version":[{"id":272,"href":"https:\/\/periodicolarepublica.com\/index.php\/wp-json\/wp\/v2\/posts\/270\/revisions\/272"}],"wp:featuredmedia":[{"embeddable":true,"href":"https:\/\/periodicolarepublica.com\/index.php\/wp-json\/wp\/v2\/media\/271"}],"wp:attachment":[{"href":"https:\/\/periodicolarepublica.com\/index.php\/wp-json\/wp\/v2\/media?parent=270"}],"wp:term":[{"taxonomy":"category","embeddable":true,"href":"https:\/\/periodicolarepublica.com\/index.php\/wp-json\/wp\/v2\/categories?post=270"},{"taxonomy":"post_tag","embeddable":true,"href":"https:\/\/periodicolarepublica.com\/index.php\/wp-json\/wp\/v2\/tags?post=270"}],"curies":[{"name":"wp","href":"https:\/\/api.w.org\/{rel}","templated":true}]}}