{"id":2711,"date":"2025-02-17T19:38:40","date_gmt":"2025-02-17T18:38:40","guid":{"rendered":"https:\/\/periodicolarepublica.com\/?p=2711"},"modified":"2025-02-17T19:38:40","modified_gmt":"2025-02-17T18:38:40","slug":"holi-matos-impulso-el-exito-del-latam-trade-show-en-orlando-y-tampa","status":"publish","type":"post","link":"https:\/\/periodicolarepublica.com\/index.php\/2025\/02\/17\/holi-matos-impulso-el-exito-del-latam-trade-show-en-orlando-y-tampa\/","title":{"rendered":"Holi Matos impuls\u00f3 el \u00c9xito del LATAM Trade Show en Orlando y Tampa"},"content":{"rendered":"<p>La ciudad de Orlando y Tampa, en el estado de Florida, fueron el escenario de la segunda edici\u00f3n del LATAM Trade Show, un evento de gran relevancia para la econom\u00eda y los mercados de Am\u00e9rica Latina. La iniciativa, encabezada por el C\u00f3nsul de la Rep\u00fablica Dominicana en Orlando, Holi Matos, donde se destac\u00f3 por su enfoque en promoci\u00f3n del comercio y fortalecimiento de los lazos econ\u00f3micos entre la Rep\u00fablica Dominicana, M\u00e9xico y Colombia.<\/p>\n<p>Este evento reuni\u00f3 comerciantes y empresarios de estos tres pa\u00edses, con el objetivo de explorar nuevas oportunidades de negocio, fomentar la inversi\u00f3n y crear una plataforma para la colaboraci\u00f3n entre empresas de la regi\u00f3n. Con el respaldo del Consulado\u00a0 Dominicano en Orlando dirigido por su C\u00f3nsul Matos, donde se consolid\u00f3 como un espacio clave para la internacionalizaci\u00f3n de productos y servicios, promoviendo la conexi\u00f3n entre los mercados latinoamericanos y el sector empresarial estadounidense.<\/p>\n<p>El LATAM Trade Show no solo se destac\u00f3 por su dimensi\u00f3n comercial, sino tambi\u00e9n por su impacto en la econom\u00eda de los pa\u00edses participantes. Los comerciantes y empresarios mexicanos, colombianos y dominicanos llegaron con grandes expectativas sobre c\u00f3mo este evento podr\u00eda abrir puertas a nuevos acuerdos comerciales, exportaciones y alianzas estrat\u00e9gicas.<\/p>\n<p>Los sectores m\u00e1s destacados fueron el turismo, la agricultura, tecnolog\u00eda, la gastronom\u00eda, la moda y la manufactura, cada uno con un potencial enorme para expandir su presencia en el mercado estadounidense.<\/p>\n<p>De igual forma, las empresas presentes mostraron un inter\u00e9s particular en conocer las tendencias de consumo y las demandas de los consumidores en los Estados Unidos, lo que abri\u00f3 la posibilidad de una cooperaci\u00f3n m\u00e1s estrecha y beneficiosa.<\/p>\n<p><img loading=\"lazy\" decoding=\"async\" class=\"size-medium wp-image-2712\" src=\"https:\/\/periodicolarepublica.com\/wp-content\/uploads\/2025\/02\/Picsart_25-02-17_14-32-38-395-300x185.jpg\" alt=\"\" width=\"300\" height=\"185\" srcset=\"https:\/\/periodicolarepublica.com\/wp-content\/uploads\/2025\/02\/Picsart_25-02-17_14-32-38-395-300x185.jpg?v=1739817488 300w, https:\/\/periodicolarepublica.com\/wp-content\/uploads\/2025\/02\/Picsart_25-02-17_14-32-38-395-150x93.jpg?v=1739817488 150w, https:\/\/periodicolarepublica.com\/wp-content\/uploads\/2025\/02\/Picsart_25-02-17_14-32-38-395-600x370.jpg?v=1739817488 600w, https:\/\/periodicolarepublica.com\/wp-content\/uploads\/2025\/02\/Picsart_25-02-17_14-32-38-395.jpg?v=1739817488 608w\" sizes=\"auto, (max-width: 300px) 100vw, 300px\" \/><\/p>\n","protected":false},"excerpt":{"rendered":"<p>La ciudad de Orlando y Tampa, en el estado de Florida, fueron el escenario de la segunda edici\u00f3n del LATAM Trade Show, un evento de gran relevancia para la econom\u00eda y los mercados de Am\u00e9rica Latina. La iniciativa, encabezada por el C\u00f3nsul de la Rep\u00fablica Dominicana en Orlando, Holi Matos, donde se destac\u00f3 por su [&hellip;]<\/p>\n","protected":false},"author":1,"featured_media":2712,"comment_status":"open","ping_status":"open","sticky":false,"template":"","format":"standard","meta":{"om_disable_all_campaigns":false,"_monsterinsights_skip_tracking":false,"_monsterinsights_sitenote_active":false,"_monsterinsights_sitenote_note":"","_monsterinsights_sitenote_category":0,"footnotes":""},"categories":[1,20],"tags":[],"class_list":{"0":"post-2711","1":"post","2":"type-post","3":"status-publish","4":"format-standard","5":"has-post-thumbnail","7":"category-nacionales","8":"category-turismo"},"aioseo_notices":[],"_links":{"self":[{"href":"https:\/\/periodicolarepublica.com\/index.php\/wp-json\/wp\/v2\/posts\/2711","targetHints":{"allow":["GET"]}}],"collection":[{"href":"https:\/\/periodicolarepublica.com\/index.php\/wp-json\/wp\/v2\/posts"}],"about":[{"href":"https:\/\/periodicolarepublica.com\/index.php\/wp-json\/wp\/v2\/types\/post"}],"author":[{"embeddable":true,"href":"https:\/\/periodicolarepublica.com\/index.php\/wp-json\/wp\/v2\/users\/1"}],"replies":[{"embeddable":true,"href":"https:\/\/periodicolarepublica.com\/index.php\/wp-json\/wp\/v2\/comments?post=2711"}],"version-history":[{"count":1,"href":"https:\/\/periodicolarepublica.com\/index.php\/wp-json\/wp\/v2\/posts\/2711\/revisions"}],"predecessor-version":[{"id":2713,"href":"https:\/\/periodicolarepublica.com\/index.php\/wp-json\/wp\/v2\/posts\/2711\/revisions\/2713"}],"wp:featuredmedia":[{"embeddable":true,"href":"https:\/\/periodicolarepublica.com\/index.php\/wp-json\/wp\/v2\/media\/2712"}],"wp:attachment":[{"href":"https:\/\/periodicolarepublica.com\/index.php\/wp-json\/wp\/v2\/media?parent=2711"}],"wp:term":[{"taxonomy":"category","embeddable":true,"href":"https:\/\/periodicolarepublica.com\/index.php\/wp-json\/wp\/v2\/categories?post=2711"},{"taxonomy":"post_tag","embeddable":true,"href":"https:\/\/periodicolarepublica.com\/index.php\/wp-json\/wp\/v2\/tags?post=2711"}],"curies":[{"name":"wp","href":"https:\/\/api.w.org\/{rel}","templated":true}]}}